{"id":24625,"date":"2021-03-13T16:09:46","date_gmt":"2021-03-13T22:09:46","guid":{"rendered":"http:\/\/www.zonaroja.com.mx\/?p=24625"},"modified":"2021-03-13T16:09:50","modified_gmt":"2021-03-13T22:09:50","slug":"comparecen-aspirantes-a-integrar-tribunales-superior-y-de-justicia-administrativa","status":"publish","type":"post","link":"https:\/\/zonaroja.com.mx\/?p=24625","title":{"rendered":"Comparecen aspirantes a integrar tribunales Superior y de Justicia Administrativa"},"content":{"rendered":"\n<p>Redacci\u00f3n\/Zona Roja.<\/p>\n\n\n\n<p>Oaxaca de Ju\u00e1rez, Oax., 13 de marzo de 2021.- Ante la Comisi\u00f3n Permanente de Administraci\u00f3n y Procuraci\u00f3n de Justicia del Congreso de Oaxaca, comparecieron las personas aspirantes a ocupar magistraturas en los tribunales Superior y de Justicia Administrativa del Estado de Oaxaca.<\/p>\n\n\n\n<p>El proceso se desarroll\u00f3 en cumplimiento a lo fijado en el Art\u00edculo 102 de la Constituci\u00f3n Pol\u00edtica local, y al Art\u00edculo 169 del Reglamento Interior del Congreso del Estado.<\/p>\n\n\n\n<p>Durante las entrevistas llevadas a cabo en la Sala de Presidentes del recinto Legislativo, las diputadas Elisa Zepeda Lagunas, Magaly L\u00f3pez Dom\u00ednguez y No\u00e9 Doroteo Castillejos, escucharon las intenciones de las personas aspirantes, y desarrollaron preguntas que fueron respondidas al instante.<\/p>\n\n\n\n<p>Tambi\u00e9n acudieron al acto las diputadas Delfina Guzm\u00e1n D\u00edaz, presidenta de la Junta de Coordinaci\u00f3n Pol\u00edtica, Elena Cuevas Hern\u00e1ndez y Horacio Sosa Villavicencio.<\/p>\n\n\n\n<p>Las personas comparecientes expusieron sus propuestas ante las y los diputados locales y respondieron cuestionamientos espec\u00edficos relacionados a la impartici\u00f3n de justicia.<\/p>\n","protected":false},"excerpt":{"rendered":"<p>Redacci\u00f3n\/Zona Roja. Oaxaca de Ju\u00e1rez, Oax., 13 de marzo de 2021.- Ante la Comisi\u00f3n Permanente&hellip;<\/p>\n","protected":false},"author":2,"featured_media":24626,"comment_status":"closed","ping_status":"open","sticky":false,"template":"","format":"standard","meta":{"_lmt_disableupdate":"","_lmt_disable":"","_jetpack_memberships_contains_paid_content":false,"footnotes":""},"categories":[109,46],"tags":[213],"class_list":["post-24625","post","type-post","status-publish","format-standard","has-post-thumbnail","hentry","category-minuto-a-minuto","category-zona-blanca","tag-64-legislatura-de-oaxaca"],"jetpack_featured_media_url":"https:\/\/zonaroja.com.mx\/wp-content\/uploads\/2021\/03\/FOTO-1-Comparecen-aspirantes-a-integrar-tribunales-Superior-y-de-Justicia-Administrativa-de-Oaxaca.jpg","jetpack_sharing_enabled":true,"_links":{"self":[{"href":"https:\/\/zonaroja.com.mx\/index.php?rest_route=\/wp\/v2\/posts\/24625","targetHints":{"allow":["GET"]}}],"collection":[{"href":"https:\/\/zonaroja.com.mx\/index.php?rest_route=\/wp\/v2\/posts"}],"about":[{"href":"https:\/\/zonaroja.com.mx\/index.php?rest_route=\/wp\/v2\/types\/post"}],"author":[{"embeddable":true,"href":"https:\/\/zonaroja.com.mx\/index.php?rest_route=\/wp\/v2\/users\/2"}],"replies":[{"embeddable":true,"href":"https:\/\/zonaroja.com.mx\/index.php?rest_route=%2Fwp%2Fv2%2Fcomments&post=24625"}],"version-history":[{"count":1,"href":"https:\/\/zonaroja.com.mx\/index.php?rest_route=\/wp\/v2\/posts\/24625\/revisions"}],"predecessor-version":[{"id":24627,"href":"https:\/\/zonaroja.com.mx\/index.php?rest_route=\/wp\/v2\/posts\/24625\/revisions\/24627"}],"wp:featuredmedia":[{"embeddable":true,"href":"https:\/\/zonaroja.com.mx\/index.php?rest_route=\/wp\/v2\/media\/24626"}],"wp:attachment":[{"href":"https:\/\/zonaroja.com.mx\/index.php?rest_route=%2Fwp%2Fv2%2Fmedia&parent=24625"}],"wp:term":[{"taxonomy":"category","embeddable":true,"href":"https:\/\/zonaroja.com.mx\/index.php?rest_route=%2Fwp%2Fv2%2Fcategories&post=24625"},{"taxonomy":"post_tag","embeddable":true,"href":"https:\/\/zonaroja.com.mx\/index.php?rest_route=%2Fwp%2Fv2%2Ftags&post=24625"}],"curies":[{"name":"wp","href":"https:\/\/api.w.org\/{rel}","templated":true}]}}