{"id":24628,"date":"2021-03-13T16:23:52","date_gmt":"2021-03-13T22:23:52","guid":{"rendered":"http:\/\/www.zonaroja.com.mx\/?p=24628"},"modified":"2021-03-13T18:40:31","modified_gmt":"2021-03-14T00:40:31","slug":"investigan-ataque-armado-a-domicilio-de-candidata-de-morena-en-oaxaca","status":"publish","type":"post","link":"https:\/\/zonaroja.com.mx\/?p=24628","title":{"rendered":"Investigan ataque armado a domicilio de candidata de Morena en Oaxaca"},"content":{"rendered":"\n<p>Redacci\u00f3n\/Zona Roja<\/p>\n\n\n\n<p>Oaxaca de Ju\u00e1rez, Oax., 13 de marzo de 2021.- La Fiscal\u00eda General del Estado de Oaxaca abri\u00f3 una Carpeta de Investigaci\u00f3n por el ataque armado al domicilio de una precandidata a la presidencia municipal de Zimatl\u00e1n de \u00c1lvarez.<\/p>\n\n\n\n<p>La denunciante, Aimee Rodr\u00edguez V\u00e1squez, indic\u00f3 a la autoridad ministerial que la agresi\u00f3n armada ocurri\u00f3 la madrugada de este viernes en su domicilio.<\/p>\n\n\n\n<p>En el lugar fueron localizados un cartucho \u00fatil y tres casquillos percutidos, todos de calibre nueve mil\u00edmetros y dos ojivas deformadas. Por el ataque no se registraron personas heridas.<\/p>\n\n\n\n<p>La aspirante, del Partido Morena, exigi\u00f3 a las autoridades estatales dar con los responsables, que presuntamente viajaban a bordo de una motocicleta y quienes dispararon a la fachada de su domicilio, en el barrio Cristo Rey, alrededor de las 03:40 horas.<\/p>\n\n\n\n<p>Organismos de la sociedad civil demandaron el inmediato esclarecimiento del caso y exigieron que se garanticen sus derechos pol\u00edticos. <\/p>\n","protected":false},"excerpt":{"rendered":"<p>Redacci\u00f3n\/Zona Roja Oaxaca de Ju\u00e1rez, Oax., 13 de marzo de 2021.- La Fiscal\u00eda General del&hellip;<\/p>\n","protected":false},"author":2,"featured_media":24630,"comment_status":"closed","ping_status":"open","sticky":false,"template":"","format":"standard","meta":{"_lmt_disableupdate":"","_lmt_disable":"","_jetpack_memberships_contains_paid_content":false,"footnotes":""},"categories":[109,47],"tags":[2518],"class_list":["post-24628","post","type-post","status-publish","format-standard","has-post-thumbnail","hentry","category-minuto-a-minuto","category-zona-gris","tag-aimee-rodriguez-vasquez"],"jetpack_featured_media_url":"https:\/\/zonaroja.com.mx\/wp-content\/uploads\/2021\/03\/Aimee-Rodriguez-Vasquez.jpg","jetpack_sharing_enabled":true,"_links":{"self":[{"href":"https:\/\/zonaroja.com.mx\/index.php?rest_route=\/wp\/v2\/posts\/24628","targetHints":{"allow":["GET"]}}],"collection":[{"href":"https:\/\/zonaroja.com.mx\/index.php?rest_route=\/wp\/v2\/posts"}],"about":[{"href":"https:\/\/zonaroja.com.mx\/index.php?rest_route=\/wp\/v2\/types\/post"}],"author":[{"embeddable":true,"href":"https:\/\/zonaroja.com.mx\/index.php?rest_route=\/wp\/v2\/users\/2"}],"replies":[{"embeddable":true,"href":"https:\/\/zonaroja.com.mx\/index.php?rest_route=%2Fwp%2Fv2%2Fcomments&post=24628"}],"version-history":[{"count":2,"href":"https:\/\/zonaroja.com.mx\/index.php?rest_route=\/wp\/v2\/posts\/24628\/revisions"}],"predecessor-version":[{"id":24631,"href":"https:\/\/zonaroja.com.mx\/index.php?rest_route=\/wp\/v2\/posts\/24628\/revisions\/24631"}],"wp:featuredmedia":[{"embeddable":true,"href":"https:\/\/zonaroja.com.mx\/index.php?rest_route=\/wp\/v2\/media\/24630"}],"wp:attachment":[{"href":"https:\/\/zonaroja.com.mx\/index.php?rest_route=%2Fwp%2Fv2%2Fmedia&parent=24628"}],"wp:term":[{"taxonomy":"category","embeddable":true,"href":"https:\/\/zonaroja.com.mx\/index.php?rest_route=%2Fwp%2Fv2%2Fcategories&post=24628"},{"taxonomy":"post_tag","embeddable":true,"href":"https:\/\/zonaroja.com.mx\/index.php?rest_route=%2Fwp%2Fv2%2Ftags&post=24628"}],"curies":[{"name":"wp","href":"https:\/\/api.w.org\/{rel}","templated":true}]}}