{"id":24636,"date":"2021-03-13T20:00:57","date_gmt":"2021-03-14T02:00:57","guid":{"rendered":"http:\/\/www.zonaroja.com.mx\/?p=24636"},"modified":"2021-03-13T20:01:00","modified_gmt":"2021-03-14T02:01:00","slug":"deja-el-ieepco-sin-instalar-30-consejos-electorales-municipales","status":"publish","type":"post","link":"https:\/\/zonaroja.com.mx\/?p=24636","title":{"rendered":"Deja el IEEPCO sin instalar 30 consejos electorales municipales"},"content":{"rendered":"\n<p>Redacci\u00f3n\/Zona Roja.<\/p>\n\n\n\n<p>Oaxaca de Ju\u00e1rez, Oax., 13 de marzo de 2021.- Sin explicar p\u00fablicamente los motivos, el consejo general del Instituto Estatal Electoral y de Participaci\u00f3n Ciudadana de Oaxaca (IEEPCO) dej\u00f3 sin integrar 30 consejos municipales electorales, de 153 donde se renovar\u00e1n concejal\u00edas.<\/p>\n\n\n\n<p>Apenas el pasado 4 de marzo, el dirigente estatal del Partido Morena, Sesul Bola\u00f1os L\u00f3pez, denunci\u00f3 que el \u00f3rgano que preside Gustavo Meixueiro N\u00e1jera, pretend\u00eda instalar \u00fanicamente 99 consejos municipales, bajo el argumento de que no hubo aceptaci\u00f3n en la convocatoria.<\/p>\n\n\n\n<p>En ese entonces, dijo que no hab\u00eda razones para ello pues cuenta con presupuesto suficiente, recursos humanos y tiempo para integrar dichos \u00f3rganos municipales; la determinaci\u00f3n, dijo, tendr\u00eda como fin favorecer al PRI.<\/p>\n\n\n\n<p>Este s\u00e1bado, a trav\u00e9s de un comunicado de prensa, el IEEPCO indic\u00f3 que las y los consejeros electorales aprobaron la integraci\u00f3n de cinco consejos municipales electorales m\u00e1s, que fungir\u00e1n en el proceso 2020-2021.<\/p>\n\n\n\n<p>Se trata de los municipios de Asunci\u00f3n Cuyotepeji, Chalcatongo de Hidalgo, Heroica Villa de Tezoatl\u00e1n de Segura y Luna, Santa Mar\u00eda Xadani y San Agust\u00edn Amatengo.&nbsp;<\/p>\n\n\n\n<p>Por ello, aprob\u00f3 el acuerdo IEEPCO-CG-28\/2021 \u201cpor el que se ejerce su facultad de atracci\u00f3n de atribuciones y funciones de los 30 consejos municipales que no se alcanzaron a integrar, as\u00ed como la delegaci\u00f3n de las mismas en los respectivos consejos distritales electorales\u201d.&nbsp;<\/p>\n\n\n\n<p>Por otra parte, emiti\u00f3 la convocatoria para que la ciudadan\u00eda con inter\u00e9s en postularse mediante candidaturas ind\u00edgenas o afromexicanas en el Proceso Electoral Ordinario (PEO) 2020-2021, en cumplimiento a la sentencia SUP-REC-53\/2021 y acumulados.&nbsp;<\/p>\n\n\n\n<p>Lo anterior, una vez que la Sala Superior del Tribunal Electoral del Poder Judicial de la Federaci\u00f3n confirmara los lineamientos emitidos en noviembre del a\u00f1o pasado por este Instituto Electoral local.<\/p>\n\n\n\n<p>\u201cEs importante mencionar que las candidaturas independientes ind\u00edgenas y afromexicanas, son aquellas en donde la o el aspirante es postulado mediante asamblea general comunitaria a un cargo de elecci\u00f3n popular\u201d, detall\u00f3.<\/p>\n","protected":false},"excerpt":{"rendered":"<p>Redacci\u00f3n\/Zona Roja. Oaxaca de Ju\u00e1rez, Oax., 13 de marzo de 2021.- Sin explicar p\u00fablicamente los&hellip;<\/p>\n","protected":false},"author":2,"featured_media":24637,"comment_status":"closed","ping_status":"open","sticky":false,"template":"","format":"standard","meta":{"_lmt_disableupdate":"","_lmt_disable":"","_jetpack_memberships_contains_paid_content":false,"footnotes":""},"categories":[109,47],"tags":[760],"class_list":["post-24636","post","type-post","status-publish","format-standard","has-post-thumbnail","hentry","category-minuto-a-minuto","category-zona-gris","tag-instituto-estatal-electoral-y-de-participacion-ciudadana-de-oaxaca"],"jetpack_featured_media_url":"https:\/\/zonaroja.com.mx\/wp-content\/uploads\/2021\/03\/13-marzo-Ejercicio-periodistico2.jpg","jetpack_sharing_enabled":true,"_links":{"self":[{"href":"https:\/\/zonaroja.com.mx\/index.php?rest_route=\/wp\/v2\/posts\/24636","targetHints":{"allow":["GET"]}}],"collection":[{"href":"https:\/\/zonaroja.com.mx\/index.php?rest_route=\/wp\/v2\/posts"}],"about":[{"href":"https:\/\/zonaroja.com.mx\/index.php?rest_route=\/wp\/v2\/types\/post"}],"author":[{"embeddable":true,"href":"https:\/\/zonaroja.com.mx\/index.php?rest_route=\/wp\/v2\/users\/2"}],"replies":[{"embeddable":true,"href":"https:\/\/zonaroja.com.mx\/index.php?rest_route=%2Fwp%2Fv2%2Fcomments&post=24636"}],"version-history":[{"count":1,"href":"https:\/\/zonaroja.com.mx\/index.php?rest_route=\/wp\/v2\/posts\/24636\/revisions"}],"predecessor-version":[{"id":24638,"href":"https:\/\/zonaroja.com.mx\/index.php?rest_route=\/wp\/v2\/posts\/24636\/revisions\/24638"}],"wp:featuredmedia":[{"embeddable":true,"href":"https:\/\/zonaroja.com.mx\/index.php?rest_route=\/wp\/v2\/media\/24637"}],"wp:attachment":[{"href":"https:\/\/zonaroja.com.mx\/index.php?rest_route=%2Fwp%2Fv2%2Fmedia&parent=24636"}],"wp:term":[{"taxonomy":"category","embeddable":true,"href":"https:\/\/zonaroja.com.mx\/index.php?rest_route=%2Fwp%2Fv2%2Fcategories&post=24636"},{"taxonomy":"post_tag","embeddable":true,"href":"https:\/\/zonaroja.com.mx\/index.php?rest_route=%2Fwp%2Fv2%2Ftags&post=24636"}],"curies":[{"name":"wp","href":"https:\/\/api.w.org\/{rel}","templated":true}]}}