{"id":24653,"date":"2021-03-14T08:25:16","date_gmt":"2021-03-14T14:25:16","guid":{"rendered":"http:\/\/www.zonaroja.com.mx\/?p=24653"},"modified":"2021-03-14T10:22:15","modified_gmt":"2021-03-14T16:22:15","slug":"a-un-ano-del-covid-en-oaxaca-y-la-cuarentena-llego-para-quedarse","status":"publish","type":"post","link":"https:\/\/zonaroja.com.mx\/?p=24653","title":{"rendered":"A un a\u00f1o del Covid en Oaxaca: la cuarentena lleg\u00f3 para quedarse"},"content":{"rendered":"\n<p>Yuridiana Sosa\/Zona Roja.<\/p>\n\n\n\n<p>Oaxaca de Ju\u00e1rez, Oax., 14 de marzo de 2021.- La llegada en febrero de un extra\u00f1o virus a M\u00e9xico no hizo temblar a muchos.<\/p>\n\n\n\n<p>Todav\u00eda era incierto, desconocido, y hasta lejano, al haber surgido en diciembre de 2019 en Wuhan, China. Nadie creer\u00eda entonces que se extender\u00eda por todo el orbe hasta convertirse en una pandemia.<\/p>\n\n\n\n<p>Pero en Oaxaca el rumor comenz\u00f3 a cobrar fuerza un 13 de marzo de 2020: hay un caso probable en La Ci\u00e9nega, en la regi\u00f3n Valles Centrales.<\/p>\n\n\n\n<p>El p\u00e1nico comenz\u00f3 en ese peque\u00f1o pueblo, a unos 25 kil\u00f3metros al sur de la capital y paulatinamente se extendi\u00f3 a todas las regiones, hasta callar a todos, con cubrebocas, y terminar el bullicio y la algarab\u00eda fiestera de los oaxaque\u00f1os.<\/p>\n\n\n\n<p>Desde hace un a\u00f1o, ante la confirmaci\u00f3n de los dos primeros casos del virus Sars-Cov-2 en Oaxaca, la vida en la entidad no volvi\u00f3 a ser la misma.<\/p>\n\n\n\n<p>El \u00faltimo reporte de los Servicios de salud de Oaxaca, ofrecido este 13 de marzo, indican que a un a\u00f1o, 42 mil 289 personas en la entidad han padecido Covid-19 y tres mil 56 han muerto. Es decir, en promedio por d\u00eda unas 115 personas se contagiaron de coronavirus y 8.3 murieron.<\/p>\n\n\n\n<p>La vida en Oaxaca se transform\u00f3 desde aquel d\u00eda. Nos call\u00f3 y nos encerr\u00f3 a todos. Desde aquel 14 de marzo cuando la Secretar\u00eda de Salud de Oaxaca inform\u00f3 que un hombre de 62 a\u00f1os con antecedente de viaje a Nueva York, y una mujer de 30 a\u00f1os que viaj\u00f3 por distintos pa\u00edses de Europa se encontraban enfermos en la regi\u00f3n de Valles Centrales.<\/p>\n\n\n\n<figure class=\"wp-block-image size-large\"><img decoding=\"async\" width=\"994\" height=\"1280\" src=\"https:\/\/www.zonaroja.com.mx\/wp-content\/uploads\/2021\/03\/img_2751.jpg\" alt=\"\" class=\"wp-image-24655\" srcset=\"https:\/\/zonaroja.com.mx\/wp-content\/uploads\/2021\/03\/img_2751.jpg 994w, https:\/\/zonaroja.com.mx\/wp-content\/uploads\/2021\/03\/img_2751-233x300.jpg 233w, https:\/\/zonaroja.com.mx\/wp-content\/uploads\/2021\/03\/img_2751-795x1024.jpg 795w, https:\/\/zonaroja.com.mx\/wp-content\/uploads\/2021\/03\/img_2751-768x989.jpg 768w, https:\/\/zonaroja.com.mx\/wp-content\/uploads\/2021\/03\/img_2751-585x753.jpg 585w\" sizes=\"(max-width: 994px) 100vw, 994px\" \/><\/figure>\n\n\n\n<p>EL P\u00c1NICO<\/p>\n\n\n\n<p>Apenas se asimilaba la nueva realidad sanitaria, cuando en La Ci\u00e9nega, municipio del distrito de Zimatl\u00e1n, se desataba el p\u00e1nico ante la falta de desinformaci\u00f3n de los SSO sobre un caso en la peque\u00f1a comunidad.<\/p>\n\n\n\n<p>El 17 de marzo el ex ahora titular de SSO, Donato Casas, dio a conocer que en Oaxaca exist\u00edan siete casos sospechosos de Covid en la entidad. Uno de estos en La Ci\u00e9nega.<\/p>\n\n\n\n<p>La edil, Concepci\u00f3n Libia Hern\u00e1ndez Castillo, acus\u00f3 al titular de los SSO de no dar aviso a la autoridad municipal para tomar las medidas correspondientes y evitar riesgo masivo; pues se enteraron por los medios de comunicaci\u00f3n sobre la situaci\u00f3n en su localidad.<\/p>\n\n\n\n<p>Bajo el riesgo para la poblaci\u00f3n ante la amenaza del Covid, La Ci\u00e9nega fue el primer municipio en Oaxaca en suspender clases a partir de esa fecha, mientras que la disposici\u00f3n de la Secretar\u00eda de Educaci\u00f3n P\u00fablica (SEP), marc\u00f3 como \u00faltimo d\u00eda de clases presenciales el 20 de marzo.<\/p>\n\n\n\n<p>Los casos comenzaron a crecer en la entidad, principalmente en la zona de Valles Centrales en el transcurso de una semana ya hab\u00eda casos en la capital, Oaxaca de Ju\u00e1rez, Santa Mar\u00eda El Tule, La Ci\u00e9nega y Santa Luc\u00eda del Camino.<\/p>\n\n\n\n<p>INICIAN DEFUNCIONES<\/p>\n\n\n\n<p>A poco menos de dos semanas de la primera defunci\u00f3n por Covid en M\u00e9xico, el 18 de marzo, en Oaxaca se anunci\u00f3 el 30 de marzo de la primera v\u00edctima mortal del virus en la entidad. Fue un hombre de 44 a\u00f1os.<\/p>\n\n\n\n<p>A poco m\u00e1s de un mes del virus en Oaxaca, todas las regiones ya presentaban casos y las defunciones se incrementaron. El 21 de abril la regi\u00f3n Ca\u00f1ada, para ese entonces la \u00fanica sin casos, confirmaba la defunci\u00f3n de una persona.<\/p>\n\n\n\n<p>En esta misma fecha, el gobierno federal declaraba la \u201cFase 3\u201d de contagios para M\u00e9xico.<\/p>\n\n\n\n<p>Pero este escenario se hac\u00eda m\u00e1s tr\u00e1gico desde los hospitales, donde el personal m\u00e9dico denunciaba la falta de material m\u00e9dico y equipo de protecci\u00f3n personal para atender la contingencia.<\/p>\n\n\n\n<p>PROMESA SIN CUMPLIR<\/p>\n\n\n\n<p>Frente a lo que se pronosticaba como un escenario dif\u00edcil en los distintos sectores econ\u00f3micos, con el cierre \u201ctemporal\u201d de espacios y establecimientos, el gobernador de Oaxaca, Alejandro Murat Hinojosa, anunci\u00f3 el 7 de abril el \u201cPlan de Recuperaci\u00f3n Econ\u00f3mica\u201d.<\/p>\n\n\n\n<p>La gran promesa fue la inversi\u00f3n de mil 270 millones de pesos para reactivar al estado en medio de la contingencia de Covid 19. Dinero que el Congreso del Estado dijo era parte del fideicomiso otorgado para el ejercicio fiscal 2020. Y a la fecha, los empresarios afirman no tener apoyo.<\/p>\n\n\n\n<p>AUTORIDADES MUEREN<\/p>\n\n\n\n<p>En mayo se abri\u00f3 el registro de autoridades municipales que perdieron la vida frente al Covid-19, que a marzo de este a\u00f1o suman aproximadamente 21 ediles fallecidos.<\/p>\n\n\n\n<p>El primer que falleci\u00f3 en Oaxaca a causa del SARS-CoV-2 fue el de Reyes, Etla, Javier Santiago Ruiz; Le siguieron Florencio San Germ\u00e1n Santiago, de San Baltazar Chichic\u00e1pam; Artemio Ortiz Ricardez, de Tamazul\u00e1pam del Esp\u00edritu Santo; despu\u00e9s Fernando Bautista D\u00e1vila, de San Juan Bautista Tuxtepec; el alcalde de Mat\u00edas Romero, Alfredo Ju\u00e1rez.<\/p>\n\n\n\n<p>Pedro Esc\u00e1rcega P\u00e9rez, de Santiago Jocotepec; Victoriano G\u00f3mez Mart\u00ednez, de San Bartolom\u00e9 Quialana; Daniel Hern\u00e1ndez Hern\u00e1ndez, de San Miguel del R\u00edo; Pedro Modesto Santos, de Santa Cruz Xitla; Sim\u00f3n Baz\u00e1n M\u00e9ndez, de San Sim\u00f3n Zahuatl\u00e1n\u2026 el m\u00e1s reciente caso, este mes, el presidente municipal de San Juan Diuxi, Marino Mart\u00ednez.<\/p>\n\n\n\n<p>Tambi\u00e9n Arturo P\u00e9rez P\u00e9rez, s\u00edndico municipal de Ixtl\u00e1n de Ju\u00e1rez, en la Sierra Ju\u00e1rez; Aristeo Filio Gonz\u00e1lez, s\u00edndico de Mazatl\u00e1n Villa de Flores, Andr\u00e9s L\u00f3pez Pineda, regidor de Hacienda en San Francisco Ixhuat\u00e1n. Y el diputado, Oth\u00f3n Cuevas C\u00f3rdoba.<\/p>\n\n\n\n<p>SIN FIESTA M\u00c1XIMA<\/p>\n\n\n\n<p>La suspensi\u00f3n de la Guelaguetza 2020 se oficializ\u00f3 el 15 de junio, con la posibilidad de la fiesta en diciembre; propuesta que fue rechazada desde el Congreso de Oaxaca y que finalmente no se realiz\u00f3.<\/p>\n\n\n\n<p>INESTABILIDAD EN SEM\u00c1FOROS<\/p>\n\n\n\n<p>En julio la entidad oaxaque\u00f1a transit\u00f3 a rojo en el sem\u00e1foro epidemiol\u00f3gico, en el que la movilidad de la poblaci\u00f3n no se conten\u00eda ante la necesidad de salir a laborar; pero tampoco se dejaban a un lado las actividades de esparcimiento.<\/p>\n\n\n\n<p>Con la alerta m\u00e1xima, Oaxaca iniciaba una \u201cnueva normalidad\u201d, la que ha sido dif\u00edcil acatar, hasta por parte de autoridades municipales, que por omisi\u00f3n han permitido la celebraci\u00f3n de eventos masivos que han llevado a la entidad a recaer en varias ocasiones en sem\u00e1foro naranja.<\/p>\n\n\n\n<p>En noviembre, en el marco de la fiestas del D\u00eda de Muertos, las celebraciones en el Centro Hist\u00f3rico de Oaxaca no se hicieron esperar; as\u00ed como en otros municipios de la regi\u00f3n de Valles Centrales y la Ca\u00f1ada.<\/p>\n\n\n\n<p>Pero Oaxaca tambi\u00e9n ha sobresalido por haber sido el destino tur\u00edstico y de descanso del subsecretario de Salud, Hugo L\u00f3pez Gatell, qui\u00e9n para fin de a\u00f1o e inicios de enero 2021, fue captado en las playas de Zipolite de \u201cvacaciones\u201d.<\/p>\n\n\n\n<p>BAILES PROHIBIDOS<\/p>\n\n\n\n<p>Un brote con al menos 400 contagios de Covid-19 en la comunidad de San Juan del R\u00edo fue advertido a finales de enero por el presidente municipal de Santiago Choapam, en la regi\u00f3n de la Cuenca.<\/p>\n\n\n\n<p>Un baile popular registrado el 5 de enero, en honor al Divino Ni\u00f1o Jes\u00fas en dicha comunidad de la Cuenca puso a Oaxaca en el escenario nacional, aunque los Servicios de Salud de Oaxaca y la Secretar\u00eda de Salud nunca registraron esa cantidad de casos en sus estad\u00edsticas.<\/p>\n\n\n\n<p>A este baile se le sumaron una serie m\u00e1s en distintas regiones de la entidad, as\u00ed como fiestas particulares que, en esas circunstancias, trataron o fueron canceladas por autoridades municipales.<\/p>\n\n\n\n<p>LAS VACUNAS<\/p>\n\n\n\n<p>El proceso de vacunaci\u00f3n contra Covid-19 para el personal de salud se registr\u00f3 el 13 de enero de pasado en Oaxaca.<\/p>\n\n\n\n<p>Pero la jornada se desarroll\u00f3 en medios del desorden y en el que personal de salud denunciaron exclusi\u00f3n al no formar parte del \u00e1rea de m\u00e9dicos, enfermeros o de los trabajadores que no est\u00e1n en atenci\u00f3n directa con pacientes Covid.<\/p>\n\n\n\n<p>La discriminaci\u00f3n para el personal sigue presente a m\u00e1s de dos meses de iniciado el proceso; al menos unos cinco mil trabajadores de la salud, adheridos a la Secci\u00f3n 35 del SNTSA siguen sin recibir la dosis; por lo que por en\u00e9sima ocasi\u00f3n en medio de la contingencia se encuentran en paro.<\/p>\n\n\n\n<p>CAOS, VIOLENCIA Y VACUNAS<\/p>\n\n\n\n<p>El 15 de febrero, con 31 mil vacunas, inici\u00f3 la jornada del Plan de Vacunaci\u00f3n de Adultos Mayores en Oaxaca; comenz\u00f3 44 municipios de las regiones Ca\u00f1ada, Sierra Cuicateca y Mazateca, as\u00ed como un municipio de la Cuenca del Papaloapan, los cuales fueron catalogados con mayor marginaci\u00f3n.<\/p>\n\n\n\n<p>En los municipios anteriores a la llegada de las dosis a la capital del estado no se registraron incidentes.<\/p>\n\n\n\n<p>Pero, ante el desarrollo de esta jornada a partir del 9 de marzo Oaxaca de Ju\u00e1rez, el caos comenz\u00f3. D\u00edas antes del primer caso en Oaxaca, la crisis por vacunas y Covid estall\u00f3 en violencia.<\/p>\n\n\n\n<p>El edil de Santa Luc\u00eda del Camino, Dante Monta\u00f1o, de PT-Morena, protagoniz\u00f3 sendos bloqueos de carreteras la noche del mi\u00e9rcoles y el jueves, que deriv\u00f3 en intento de retenci\u00f3n de la delegada de Bienestar, Nancy Ortiz Cabrera, y un escolta que sac\u00f3 un arma para amedrentar.<\/p>\n\n\n\n<p>El viernes y s\u00e1bado siguieron declaraciones y acusaciones por todas partes, entre pol\u00edticos y funcionarios. Alejandro Murat, gobernador de Oaxaca, acus\u00f3 al gobierno federal del desorden, pero se retract\u00f3 el s\u00e1bado en Santa Mar\u00eda Atzompa, en la visita del titular de Programas de Desarrollo Social del gobierno federal, Gabriel Garc\u00eda, quien dijo que todo se debi\u00f3 a una confusi\u00f3n\u2026<\/p>\n","protected":false},"excerpt":{"rendered":"<p>Yuridiana Sosa\/Zona Roja. Oaxaca de Ju\u00e1rez, Oax., 14 de marzo de 2021.- La llegada en&hellip;<\/p>\n","protected":false},"author":2,"featured_media":15785,"comment_status":"closed","ping_status":"open","sticky":false,"template":"","format":"standard","meta":{"_lmt_disableupdate":"","_lmt_disable":"","_jetpack_memberships_contains_paid_content":false,"footnotes":""},"categories":[109,47],"tags":[1512],"class_list":["post-24653","post","type-post","status-publish","format-standard","has-post-thumbnail","hentry","category-minuto-a-minuto","category-zona-gris","tag-coronavirus-oaxaca"],"jetpack_featured_media_url":"https:\/\/zonaroja.com.mx\/wp-content\/uploads\/2020\/08\/Covid-Oaxaca-2.png","jetpack_sharing_enabled":true,"_links":{"self":[{"href":"https:\/\/zonaroja.com.mx\/index.php?rest_route=\/wp\/v2\/posts\/24653","targetHints":{"allow":["GET"]}}],"collection":[{"href":"https:\/\/zonaroja.com.mx\/index.php?rest_route=\/wp\/v2\/posts"}],"about":[{"href":"https:\/\/zonaroja.com.mx\/index.php?rest_route=\/wp\/v2\/types\/post"}],"author":[{"embeddable":true,"href":"https:\/\/zonaroja.com.mx\/index.php?rest_route=\/wp\/v2\/users\/2"}],"replies":[{"embeddable":true,"href":"https:\/\/zonaroja.com.mx\/index.php?rest_route=%2Fwp%2Fv2%2Fcomments&post=24653"}],"version-history":[{"count":2,"href":"https:\/\/zonaroja.com.mx\/index.php?rest_route=\/wp\/v2\/posts\/24653\/revisions"}],"predecessor-version":[{"id":24656,"href":"https:\/\/zonaroja.com.mx\/index.php?rest_route=\/wp\/v2\/posts\/24653\/revisions\/24656"}],"wp:featuredmedia":[{"embeddable":true,"href":"https:\/\/zonaroja.com.mx\/index.php?rest_route=\/wp\/v2\/media\/15785"}],"wp:attachment":[{"href":"https:\/\/zonaroja.com.mx\/index.php?rest_route=%2Fwp%2Fv2%2Fmedia&parent=24653"}],"wp:term":[{"taxonomy":"category","embeddable":true,"href":"https:\/\/zonaroja.com.mx\/index.php?rest_route=%2Fwp%2Fv2%2Fcategories&post=24653"},{"taxonomy":"post_tag","embeddable":true,"href":"https:\/\/zonaroja.com.mx\/index.php?rest_route=%2Fwp%2Fv2%2Ftags&post=24653"}],"curies":[{"name":"wp","href":"https:\/\/api.w.org\/{rel}","templated":true}]}}