{"id":24660,"date":"2021-03-14T14:50:19","date_gmt":"2021-03-14T20:50:19","guid":{"rendered":"http:\/\/www.zonaroja.com.mx\/?p=24660"},"modified":"2021-03-14T14:50:23","modified_gmt":"2021-03-14T20:50:23","slug":"realizan-operativo-antidrogas-en-san-antonio-de-la-cal-y-detienen-a-tres","status":"publish","type":"post","link":"https:\/\/zonaroja.com.mx\/?p=24660","title":{"rendered":"Realizan operativo antidrogas en San Antonio de la Cal y detienen a tres"},"content":{"rendered":"\n<p>Redacci\u00f3n\/Zona Roja.<\/p>\n\n\n\n<p>Oaxaca de Ju\u00e1rez, Oax., 14 de marzo de 2021.- Tras al menos cinco asesinatos presuntamente relacionados con narcomenudeo, registrados entre diciembre pasado y enero de este a\u00f1o, corporaciones policiacas efectuaron anoche un cateo en San Antonio de la Cal, Oaxaca.<\/p>\n\n\n\n<p>En las revisiones participaron elementos de la Polic\u00eda Estatal, dependiente de la Secretar\u00eda de Seguridad P\u00fablica, polic\u00edas municipales y la Guardia Nacional.<\/p>\n\n\n\n<p>Como resultado de ello, durante dichos despliegues se inspeccionaron 12 unidades de motor y 56 personas; de igual forma, se llev\u00f3 a cabo el aseguramiento de quien se identific\u00f3 como Wilber \u201cNN\u201d, al llevar consigo dos dosis y seis bolsitas con residuos de polvo blanco con caracter\u00edsticas propias de la coca\u00edna.<\/p>\n\n\n\n<p>Tambi\u00e9n se detuvo a V\u00edctor \u201cNN\u201d y Roberto \u201cNN\u201d, por la portaci\u00f3n de un arma de fuego corta, para la que no contaban con el permiso de portaci\u00f3n correspondiente.<\/p>\n\n\n\n<p>La Secretar\u00eda de Seguridad P\u00fablica inform\u00f3 que se mantienen recorridos de seguridad y vigilancia en inmediaciones de la colonia Buenos Aires y la agencia de La Experimental.<\/p>\n\n\n\n<p>De igual forma en la primera, segunda y tercera Secci\u00f3n del El Polvor\u00edn, La Nopalera y Casa del Temblor; aunado a las acciones desplegadas en el crucero del aeropuerto internacional, la avenida S\u00edmbolos Patrios, avenida Universidad y Cinco Se\u00f1ores, entre otros.<\/p>\n","protected":false},"excerpt":{"rendered":"<p>Redacci\u00f3n\/Zona Roja. Oaxaca de Ju\u00e1rez, Oax., 14 de marzo de 2021.- Tras al menos cinco&hellip;<\/p>\n","protected":false},"author":2,"featured_media":24661,"comment_status":"closed","ping_status":"open","sticky":false,"template":"","format":"standard","meta":{"_lmt_disableupdate":"","_lmt_disable":"","_jetpack_memberships_contains_paid_content":false,"footnotes":""},"categories":[109,47],"tags":[175],"class_list":["post-24660","post","type-post","status-publish","format-standard","has-post-thumbnail","hentry","category-minuto-a-minuto","category-zona-gris","tag-secretaria-de-seguridad-publica-de-oaxaca"],"jetpack_featured_media_url":"https:\/\/zonaroja.com.mx\/wp-content\/uploads\/2021\/03\/Operativo-San-Antonio-de-la-Cal.jpg","jetpack_sharing_enabled":true,"_links":{"self":[{"href":"https:\/\/zonaroja.com.mx\/index.php?rest_route=\/wp\/v2\/posts\/24660","targetHints":{"allow":["GET"]}}],"collection":[{"href":"https:\/\/zonaroja.com.mx\/index.php?rest_route=\/wp\/v2\/posts"}],"about":[{"href":"https:\/\/zonaroja.com.mx\/index.php?rest_route=\/wp\/v2\/types\/post"}],"author":[{"embeddable":true,"href":"https:\/\/zonaroja.com.mx\/index.php?rest_route=\/wp\/v2\/users\/2"}],"replies":[{"embeddable":true,"href":"https:\/\/zonaroja.com.mx\/index.php?rest_route=%2Fwp%2Fv2%2Fcomments&post=24660"}],"version-history":[{"count":1,"href":"https:\/\/zonaroja.com.mx\/index.php?rest_route=\/wp\/v2\/posts\/24660\/revisions"}],"predecessor-version":[{"id":24662,"href":"https:\/\/zonaroja.com.mx\/index.php?rest_route=\/wp\/v2\/posts\/24660\/revisions\/24662"}],"wp:featuredmedia":[{"embeddable":true,"href":"https:\/\/zonaroja.com.mx\/index.php?rest_route=\/wp\/v2\/media\/24661"}],"wp:attachment":[{"href":"https:\/\/zonaroja.com.mx\/index.php?rest_route=%2Fwp%2Fv2%2Fmedia&parent=24660"}],"wp:term":[{"taxonomy":"category","embeddable":true,"href":"https:\/\/zonaroja.com.mx\/index.php?rest_route=%2Fwp%2Fv2%2Fcategories&post=24660"},{"taxonomy":"post_tag","embeddable":true,"href":"https:\/\/zonaroja.com.mx\/index.php?rest_route=%2Fwp%2Fv2%2Ftags&post=24660"}],"curies":[{"name":"wp","href":"https:\/\/api.w.org\/{rel}","templated":true}]}}