{"id":24664,"date":"2021-03-14T15:05:29","date_gmt":"2021-03-14T21:05:29","guid":{"rendered":"http:\/\/www.zonaroja.com.mx\/?p=24664"},"modified":"2021-03-14T15:05:32","modified_gmt":"2021-03-14T21:05:32","slug":"piden-apoyo-para-atender-salud-mental-de-personas-afectadas-por-covid-19","status":"publish","type":"post","link":"https:\/\/zonaroja.com.mx\/?p=24664","title":{"rendered":"Piden apoyo para atender salud mental de personas afectadas por Covid-19"},"content":{"rendered":"\n<p>Evlin Arag\u00f3n\/Zona Roja.<\/p>\n\n\n\n<p>Oaxaca de Ju\u00e1rez, Oax., 14 de marzo de 2021.- Con la intenci\u00f3n de atender la salud mental y emocional de quienes perdieron seres queridos por la pandemia de Covid-19, en barrios populares de la ciudad de Oaxaca, la asociaci\u00f3n civil \u201cMexiquemos\u201d pide el apoyo de la ciudadan\u00eda para obtener recursos econ\u00f3micos que permitan la implementaci\u00f3n de un proyecto.&nbsp;&nbsp;<\/p>\n\n\n\n<p>De acuerdo con la organizaci\u00f3n, debido a la precariedad de los servicios de salud, que incluso han colapsado por momentos al atender las complicaciones m\u00e9dicas ocasionadas por el virus SARs-CoV2, el cuidado de la salud mental y emocional ha pasado a un segundo plano.<\/p>\n\n\n\n<p>Lo anterior, aseguran, es preocupante, ya que diversos especialista reconocen ya la presencia de conflictos emocionales irresueltos o padecimientos emocionales cr\u00f3nicos, como estr\u00e9s, ansiedad, frustraci\u00f3n, culpa o depresi\u00f3n, que est\u00e1n siendo agudizados de manera preocupante no s\u00f3lo por la enfermedad, sino por las crisis econ\u00f3mica, social y familiar que de ella derivan.<\/p>\n\n\n\n<p>\u201cSe habla ya de una oleada de padecimientos relacionados con la salud mental como la pandemia despu\u00e9s del Covid. Como sociedad, tenemos que dar una respuesta frontal y unida a este gran problema\u201d, refiere la organizaci\u00f3n.&nbsp;<\/p>\n\n\n\n<p>De ah\u00ed que, con el apoyo de Topos Psicosociales, expertos en terapia social y comunitaria con experiencia en zonas rurales y situaciones de emergencia, pretenden atender durante un a\u00f1o, los impactos emocionales, o de salud de un centenar de personas que de otra manera no tendr\u00edan acceso a atenci\u00f3n psicol\u00f3gica.<\/p>\n\n\n\n<p>Para lo anterior buscan apoyo econ\u00f3mico, por lo que han emprendido una campa\u00f1a para recabar fondos a trav\u00e9s de la plataforma donadora.org a fin de cubrir los costos de 12 meses de sesiones bajo el esquema de grupos terap\u00e9uticos, que permitir\u00e1n atender hasta 100 personas trimestralmente.<\/p>\n\n\n\n<p>\u201cEl dinero ir\u00e1 \u00edntegramente a cubrir gastos del proyecto, administrado e implementado por \u201cMexiquemos\u201d A.C. en alianza con los Topos Psicosociales, especialistas en psicolog\u00eda social de la Ciudad de M\u00e9xico y Oaxaca\u201d.&nbsp;<\/p>\n\n\n\n<p>El proyecto pretende cubrir los honorarios y transporte de psicoterapeutas y facilitadores; la renta de espacio de trabajo; as\u00ed como la compra de materiales de trabajo como cubrebocas, alcohol gel, sanitizante, que garanticen la prevenci\u00f3n de contagio por Covid-19.<\/p>\n\n\n\n<p>\u201cMexiquemos\u201d A. C. est\u00e1 conformada por j\u00f3venes profesionistas residentes en el estado de Oaxaca que mediante trabajo voluntario fomentan iniciativas comunitarias para el bienestar socioambiental.<\/p>\n\n\n\n<p>Desde el 2017 han trabajo en proyectos de desarrollo en el estado de Oaxaca, particularmente a partir de la emergencia por los terremotos que golpearon el Istmo de Tehuantepec.<\/p>\n","protected":false},"excerpt":{"rendered":"<p>Evlin Arag\u00f3n\/Zona Roja. Oaxaca de Ju\u00e1rez, Oax., 14 de marzo de 2021.- Con la intenci\u00f3n&hellip;<\/p>\n","protected":false},"author":2,"featured_media":24665,"comment_status":"closed","ping_status":"open","sticky":false,"template":"","format":"standard","meta":{"_lmt_disableupdate":"","_lmt_disable":"","_jetpack_memberships_contains_paid_content":false,"footnotes":""},"categories":[109,46],"tags":[2520],"class_list":["post-24664","post","type-post","status-publish","format-standard","has-post-thumbnail","hentry","category-minuto-a-minuto","category-zona-blanca","tag-mexiquemos-a-c"],"jetpack_featured_media_url":"https:\/\/zonaroja.com.mx\/wp-content\/uploads\/2021\/03\/Coronavirus-y-salud-mental.jpg","jetpack_sharing_enabled":true,"_links":{"self":[{"href":"https:\/\/zonaroja.com.mx\/index.php?rest_route=\/wp\/v2\/posts\/24664","targetHints":{"allow":["GET"]}}],"collection":[{"href":"https:\/\/zonaroja.com.mx\/index.php?rest_route=\/wp\/v2\/posts"}],"about":[{"href":"https:\/\/zonaroja.com.mx\/index.php?rest_route=\/wp\/v2\/types\/post"}],"author":[{"embeddable":true,"href":"https:\/\/zonaroja.com.mx\/index.php?rest_route=\/wp\/v2\/users\/2"}],"replies":[{"embeddable":true,"href":"https:\/\/zonaroja.com.mx\/index.php?rest_route=%2Fwp%2Fv2%2Fcomments&post=24664"}],"version-history":[{"count":1,"href":"https:\/\/zonaroja.com.mx\/index.php?rest_route=\/wp\/v2\/posts\/24664\/revisions"}],"predecessor-version":[{"id":24666,"href":"https:\/\/zonaroja.com.mx\/index.php?rest_route=\/wp\/v2\/posts\/24664\/revisions\/24666"}],"wp:featuredmedia":[{"embeddable":true,"href":"https:\/\/zonaroja.com.mx\/index.php?rest_route=\/wp\/v2\/media\/24665"}],"wp:attachment":[{"href":"https:\/\/zonaroja.com.mx\/index.php?rest_route=%2Fwp%2Fv2%2Fmedia&parent=24664"}],"wp:term":[{"taxonomy":"category","embeddable":true,"href":"https:\/\/zonaroja.com.mx\/index.php?rest_route=%2Fwp%2Fv2%2Fcategories&post=24664"},{"taxonomy":"post_tag","embeddable":true,"href":"https:\/\/zonaroja.com.mx\/index.php?rest_route=%2Fwp%2Fv2%2Ftags&post=24664"}],"curies":[{"name":"wp","href":"https:\/\/api.w.org\/{rel}","templated":true}]}}