{"id":2467,"date":"2019-07-24T08:50:15","date_gmt":"2019-07-24T13:50:15","guid":{"rendered":"http:\/\/www.zonaroja.com.mx\/?p=2467"},"modified":"2019-07-24T08:50:17","modified_gmt":"2019-07-24T13:50:17","slug":"acusa-diputada-por-morena-nuevas-agresiones-en-su-contra","status":"publish","type":"post","link":"https:\/\/zonaroja.com.mx\/?p=2467","title":{"rendered":"Acusa diputada por Morena nuevas agresiones en su contra"},"content":{"rendered":"\n<p>Ismael\nGarc\u00eda M.<\/p>\n\n\n\n<p>Oaxaca de\nJu\u00e1rez, Oax., 24 de julio de 2019.- La diputada local por el Partido Morena,\nElisa Zepeda Lagunas, denunci\u00f3 nuevas agresiones en su contra, ahora con la\npega de carteles en el Centro Hist\u00f3rico de la ciudad de Oaxaca, en que la\ndenuestan.<\/p>\n\n\n\n<p>Fue en el\nAndador Tur\u00edstico, la avenida Independencia y la calle de D\u00edaz Ordaz, entre\notras vialidades, en que fueron pegados carteles titulados \u201c\u00bfQui\u00e9n es Elisa\nZepeda?\u201d, y la califican de falsa, represora y de abuso de poder.<\/p>\n\n\n\n<p>Tras ello,\nemiti\u00f3 un comunicado en que denunci\u00f3 este y otros agravios, por su condici\u00f3n de\nmujer y defensora de los derechos humanos en la zona mazateca del estado, donde\nfue v\u00edctima de un atentado en el a\u00f1o 2014.<\/p>\n\n\n\n<p>\u201cCuando una\nmujer alza la voz para tener participaci\u00f3n efectiva en la construcci\u00f3n pol\u00edtica\nde sus comunidades se enfrenta a escenarios adversos, insultos, agresiones e\nincluso llega a perder la vida por su lucha\u201d. <\/p>\n\n\n\n<p>\u201cLas que hoy\nhemos conseguido hacernos visibles y sobrevivir a intentos de asesinatos por\nnuestra participaci\u00f3n pol\u00edtica, nos enfrentamos a constantes ataques\nmedi\u00e1ticos; al desprestigio, amenazas an\u00f3nimas por parte de personas que nunca\ndan la cara y pretenden ganar, lo que le es imposible conseguir en los\ntribunales, a trav\u00e9s de la farsa e intimidaci\u00f3n\u201d, se\u00f1al\u00f3. <\/p>\n\n\n\n<p>La\npresidenta de la Comisi\u00f3n de Administraci\u00f3n y Procuraci\u00f3n de Justicia record\u00f3\nque por denunciar los hechos violentos del a\u00f1o 2014 en Eloxochitl\u00e1n de Flores\nMag\u00f3n, en que fueron v\u00edctimas sus familiares y ella, ha sufrido acoso,\nhostigamiento y amenazas de muerte.<\/p>\n\n\n\n<p>Por ello pidi\u00f3 a las autoridades de procuraci\u00f3n de justicia indagar los recientes hechos en que \u201ccomo criminales, han colocado (carteles) al amparo de la noche en calles de la ciudad de Oaxaca\u201d. <\/p>\n\n\n\n<figure class=\"wp-block-embed-twitter wp-block-embed is-type-rich is-provider-twitter\"><div class=\"wp-block-embed__wrapper\">\n<div class=\"twitter-tweet\"><blockquote class=\"twitter-tweet\" data-lang=\"es\"><p lang=\"es\" dir=\"ltr\">Ante las agresiones y difamaciones de las que he sido objeto comparto el siguiente texto. <a href=\"https:\/\/twitter.com\/Desde_Izquierda?ref_src=twsrc%5Etfw\">@Desde_Izquierda<\/a> <a href=\"https:\/\/twitter.com\/DianaLuzVa?ref_src=twsrc%5Etfw\">@DianaLuzVa<\/a> <a href=\"https:\/\/twitter.com\/jarquinedgar?ref_src=twsrc%5Etfw\">@jarquinedgar<\/a> <a href=\"https:\/\/twitter.com\/analosan?ref_src=twsrc%5Etfw\">@analosan<\/a> <a href=\"https:\/\/twitter.com\/irmajuancarlos?ref_src=twsrc%5Etfw\">@irmajuancarlos<\/a> <a href=\"https:\/\/twitter.com\/LauraEstradaMau?ref_src=twsrc%5Etfw\">@LauraEstradaMau<\/a> <a href=\"https:\/\/twitter.com\/Eltiotonysoy?ref_src=twsrc%5Etfw\">@Eltiotonysoy<\/a> <a href=\"https:\/\/twitter.com\/DipsMorenaOax?ref_src=twsrc%5Etfw\">@DipsMorenaOax<\/a> <a href=\"https:\/\/twitter.com\/HoracioSosaOax?ref_src=twsrc%5Etfw\">@HoracioSosaOax<\/a> <a href=\"https:\/\/twitter.com\/Magaly_LopezOax?ref_src=twsrc%5Etfw\">@Magaly_LopezOax<\/a> <a href=\"https:\/\/twitter.com\/YoHumbertoRamos?ref_src=twsrc%5Etfw\">@YoHumbertoRamos<\/a> <a href=\"https:\/\/twitter.com\/YesicaS53127681?ref_src=twsrc%5Etfw\">@YesicaS53127681<\/a> <a href=\"https:\/\/t.co\/HctNh3MbCt\">pic.twitter.com\/HctNh3MbCt<\/a><\/p>&mdash; Elisa Zepeda Lagunas (@Elisa_ZepedaOax) <a href=\"https:\/\/twitter.com\/Elisa_ZepedaOax\/status\/1153792920643702785?ref_src=twsrc%5Etfw\">23 de julio de 2019<\/a><\/blockquote><\/div>\n<\/div><\/figure>\n","protected":false},"excerpt":{"rendered":"<p>Ismael Garc\u00eda M. Oaxaca de Ju\u00e1rez, Oax., 24 de julio de 2019.- La diputada local&hellip;<\/p>\n","protected":false},"author":2,"featured_media":2468,"comment_status":"closed","ping_status":"open","sticky":false,"template":"","format":"standard","meta":{"_lmt_disableupdate":"","_lmt_disable":"","_jetpack_memberships_contains_paid_content":false,"footnotes":""},"categories":[109,51],"tags":[392],"class_list":["post-2467","post","type-post","status-publish","format-standard","has-post-thumbnail","hentry","category-minuto-a-minuto","category-zona-roja","tag-denuncia-diputada-elisa-zepeda-lagunas-agresiones-en-su-contra"],"jetpack_featured_media_url":"https:\/\/zonaroja.com.mx\/wp-content\/uploads\/2019\/07\/7db78b0d-0ff6-41e7-a95c-e0164d4125a3.jpg","jetpack_sharing_enabled":true,"_links":{"self":[{"href":"https:\/\/zonaroja.com.mx\/index.php?rest_route=\/wp\/v2\/posts\/2467","targetHints":{"allow":["GET"]}}],"collection":[{"href":"https:\/\/zonaroja.com.mx\/index.php?rest_route=\/wp\/v2\/posts"}],"about":[{"href":"https:\/\/zonaroja.com.mx\/index.php?rest_route=\/wp\/v2\/types\/post"}],"author":[{"embeddable":true,"href":"https:\/\/zonaroja.com.mx\/index.php?rest_route=\/wp\/v2\/users\/2"}],"replies":[{"embeddable":true,"href":"https:\/\/zonaroja.com.mx\/index.php?rest_route=%2Fwp%2Fv2%2Fcomments&post=2467"}],"version-history":[{"count":1,"href":"https:\/\/zonaroja.com.mx\/index.php?rest_route=\/wp\/v2\/posts\/2467\/revisions"}],"predecessor-version":[{"id":2469,"href":"https:\/\/zonaroja.com.mx\/index.php?rest_route=\/wp\/v2\/posts\/2467\/revisions\/2469"}],"wp:featuredmedia":[{"embeddable":true,"href":"https:\/\/zonaroja.com.mx\/index.php?rest_route=\/wp\/v2\/media\/2468"}],"wp:attachment":[{"href":"https:\/\/zonaroja.com.mx\/index.php?rest_route=%2Fwp%2Fv2%2Fmedia&parent=2467"}],"wp:term":[{"taxonomy":"category","embeddable":true,"href":"https:\/\/zonaroja.com.mx\/index.php?rest_route=%2Fwp%2Fv2%2Fcategories&post=2467"},{"taxonomy":"post_tag","embeddable":true,"href":"https:\/\/zonaroja.com.mx\/index.php?rest_route=%2Fwp%2Fv2%2Ftags&post=2467"}],"curies":[{"name":"wp","href":"https:\/\/api.w.org\/{rel}","templated":true}]}}