{"id":24670,"date":"2021-03-14T19:37:28","date_gmt":"2021-03-15T01:37:28","guid":{"rendered":"http:\/\/www.zonaroja.com.mx\/?p=24670"},"modified":"2021-03-14T19:37:33","modified_gmt":"2021-03-15T01:37:33","slug":"fuera-heine-por-mentiroso-tildan-a-titular-de-sso-de-corrupto-y-ratero","status":"publish","type":"post","link":"https:\/\/zonaroja.com.mx\/?p=24670","title":{"rendered":"\u201cFuera Heine por mentiroso\u201d; tildan a titular de SSO de corrupto y ratero"},"content":{"rendered":"\n<p>Ismael Garc\u00eda M.\/Zona Zoja.<\/p>\n\n\n\n<p>Oaxaca de Ju\u00e1rez, Oax., 14 de marzo de 2021.- \u201c\u00a1Fuera M\u00e1rquez Heine de los SSO! \u00a1Juan Carlos M\u00e1rquez, \u00a1d\u00f3nde quedaron los 90 millones para nuestra contrataci\u00f3n! \u00a1Juan Carlos M\u00e1rquez Heine tu abuso de autoridad sigue presente en los SSO, la contrataci\u00f3n inmediata no es s\u00f3lo para tus allegados!\u201d.<\/p>\n\n\n\n<p>Son parte de las m\u00faltiples cartulinas que portan integrantes del Sindicato Independiente de Trabajadores del Sector Salud, encabezados por Mar\u00eda del Carmen Noriega.<\/p>\n\n\n\n<p>Y es que este domingo se cumplieron seis d\u00edas que iniciaron una protesta para exigir la recontrataci\u00f3n del personal que labor\u00f3 en lo que fue el Seguro Popular, conocido formalmente como el R\u00e9gimen Estatal de Protecci\u00f3n Social en Salud, que fue extinguido para dar paso al Instituto Nacional de Salud Bienestar.<\/p>\n\n\n\n<p>Sin embargo, a m\u00e1s de un a\u00f1o de ese cambio, los trabajadores siguen sin empleo, a pesar de que el Insabi destin\u00f3 aproximadamente 90 millones de pesos para la recontrataci\u00f3n, lo cual supuestamente fue destinado para compra de insumos y medicamentos, los cuales no existen, seg\u00fan reprocharon.<\/p>\n\n\n\n<p>Sobre la exigencia de la C\u00e1mara de Diputados al gobernador Alejandro Murat para que pida la renuncia del titular de los Servicios de Salud, opinaron este domingo.<\/p>\n\n\n\n<p>\u201c\u00c9l dice que es muy amigo del gobernador Alejandro Murat y nosotros ayer est\u00e1bamos platicando esa situaci\u00f3n, a lo mejor y no va a pasar nada porque chinto tapa chinto.<\/p>\n\n\n\n<p>\u201cLa situaci\u00f3n est\u00e1 cr\u00edtica de compadrazgos y preferencias. Vamos dif\u00edcil que se vaya este corrupto, ratero de los SSO; al igual que Blanca Estela, su asesora, ella meti\u00f3 a toda su familia y ya est\u00e1 trabajando, se generaron nuevos contratos para meter a la hermana, al sobrino, a la nuera\u201d.<\/p>\n\n\n\n<figure class=\"wp-block-embed-twitter wp-block-embed is-type-rich is-provider-twitter\"><div class=\"wp-block-embed__wrapper\">\n<div class=\"twitter-tweet\"><blockquote class=\"twitter-tweet\" data-lang=\"es\"><p lang=\"es\" dir=\"ltr\"><a href=\"https:\/\/twitter.com\/hashtag\/OaxacaGris?src=hash&amp;ref_src=twsrc%5Etfw\">#OaxacaGris<\/a><br>Como corrupto y ratero calificaron los ex trabajadores del extinto Seguro Popular a <a href=\"https:\/\/twitter.com\/JC_MarquezH?ref_src=twsrc%5Etfw\">@JC_MarquezH<\/a>, actual titular de los <a href=\"https:\/\/twitter.com\/SSO_GobOax?ref_src=twsrc%5Etfw\">@SSO_GobOax<\/a>, a quien conocen a su paso en el desaparecido organismo; suman seis d\u00edas de protesta para exigir reinstalaci\u00f3n. <a href=\"https:\/\/t.co\/lmTSkv3VsX\">pic.twitter.com\/lmTSkv3VsX<\/a><\/p>&mdash; Zona Roja Oaxaca (@Zona_Roja_Oax) <a href=\"https:\/\/twitter.com\/Zona_Roja_Oax\/status\/1371198493633679360?ref_src=twsrc%5Etfw\">14 de marzo de 2021<\/a><\/blockquote><\/div>\n<\/div><\/figure>\n\n\n\n<p>Los trabajadores explicaron que el Seguro Popular se extingui\u00f3 por decreto, pero tambi\u00e9n por decret\u00f3 surgi\u00f3 en el Insabi; y en ese decreto se establece que todos los trabajadores del Seguro Popular pasan a formar parte del Insabi.<\/p>\n\n\n\n<p>\u201cEntonces ese ha sido nuestro reclamo desde hace a\u00f1o y meses para que ellos puedan tener su contrato, una fuente de ingresos, porque as\u00ed como est\u00e1 la situaci\u00f3n con lo de la pandemia no hay una fuente de trabajo y muchos son padres y madres de familia, hay gente detr\u00e1s de ellos que ahorita necesitan un recurso para subsistir.<\/p>\n\n\n\n<p>\u201cHemos ido varias veces al Insabi y es por eso que es nuestro reclamo, porque ellos dicen que ya mandaron el recurso desde el a\u00f1o pasado, y venimos y regresamos, se entabl\u00f3 una mesa de trabajo donde dijeron que si es verdad, pero que ya hab\u00edan ocupado ese dinero para otras cosas, por lo de la pandemia.<\/p>\n\n\n\n<p>\u201cPero en los centros de salud y los hospitales est\u00e1n carentes de todo eso, no sabemos a d\u00f3nde se fue ese recurso que ya ven\u00eda para la contrataci\u00f3n de los compa\u00f1eros\u201d, expusieron.<\/p>\n\n\n\n<p>Ante ello, de no haber respuestas, amagaron con continuar su \u201cplant\u00f3n\u201d e intensificar sus protestas hasta lograr la renuncia de M\u00e1rquez Heine.<\/p>\n\n\n\n<p>\u201cNo es posible que venga una persona de fuera, que es de M\u00e9xico, a seguir saqueando a las instituciones de salud y ahora s\u00ed, violentando el derecho a la poblaci\u00f3n y tambi\u00e9n a los trabajadores. Se llevan el dinero para otro lado, mientras la gente no tiene el acceso a un servicio de calidad y calidez en alg\u00fan hospital\u201d, remarcaron.<\/p>\n\n\n\n<figure class=\"wp-block-embed-twitter wp-block-embed is-type-rich is-provider-twitter\"><div class=\"wp-block-embed__wrapper\">\n<div class=\"twitter-tweet\"><blockquote class=\"twitter-tweet\" data-lang=\"es\"><p lang=\"es\" dir=\"ltr\"><a href=\"https:\/\/twitter.com\/hashtag\/ENVIVO?src=hash&amp;ref_src=twsrc%5Etfw\">#ENVIVO<\/a><br>Oaxaca de Ju\u00e1rez, Oax., 14 de marzo de 2021. Sexto d\u00eda de protestas del Sindicato Independiente de Trabajadores contra los <a href=\"https:\/\/twitter.com\/SSO_GobOax?ref_src=twsrc%5Etfw\">@SSO_GobOax<\/a>, para exigir recontrataci\u00f3n de despedidos en el extinto Seguro Popular. <br>Aqu\u00ed la transmisi\u00f3n:<br>\ud83d\udc47<a href=\"https:\/\/t.co\/COPouEpXeO\">https:\/\/t.co\/COPouEpXeO<\/a> <a href=\"https:\/\/t.co\/lrJb4k8ooQ\">pic.twitter.com\/lrJb4k8ooQ<\/a><\/p>&mdash; Zona Roja Oaxaca (@Zona_Roja_Oax) <a href=\"https:\/\/twitter.com\/Zona_Roja_Oax\/status\/1371178607603761164?ref_src=twsrc%5Etfw\">14 de marzo de 2021<\/a><\/blockquote><\/div>\n<\/div><\/figure>\n","protected":false},"excerpt":{"rendered":"<p>Ismael Garc\u00eda M.\/Zona Zoja. Oaxaca de Ju\u00e1rez, Oax., 14 de marzo de 2021.- \u201c\u00a1Fuera M\u00e1rquez&hellip;<\/p>\n","protected":false},"author":2,"featured_media":24669,"comment_status":"closed","ping_status":"open","sticky":false,"template":"","format":"standard","meta":{"_lmt_disableupdate":"","_lmt_disable":"","_jetpack_memberships_contains_paid_content":false,"footnotes":""},"categories":[109,47],"tags":[1701,1005],"class_list":["post-24670","post","type-post","status-publish","format-standard","has-post-thumbnail","hentry","category-minuto-a-minuto","category-zona-gris","tag-juan-carlos-marquez-heine","tag-servicios-de-salud-de-oaxaca-sso"],"jetpack_featured_media_url":"https:\/\/zonaroja.com.mx\/wp-content\/uploads\/2021\/03\/Protesta-Sindicato-Independiente-Salud-1.jpg","jetpack_sharing_enabled":true,"_links":{"self":[{"href":"https:\/\/zonaroja.com.mx\/index.php?rest_route=\/wp\/v2\/posts\/24670","targetHints":{"allow":["GET"]}}],"collection":[{"href":"https:\/\/zonaroja.com.mx\/index.php?rest_route=\/wp\/v2\/posts"}],"about":[{"href":"https:\/\/zonaroja.com.mx\/index.php?rest_route=\/wp\/v2\/types\/post"}],"author":[{"embeddable":true,"href":"https:\/\/zonaroja.com.mx\/index.php?rest_route=\/wp\/v2\/users\/2"}],"replies":[{"embeddable":true,"href":"https:\/\/zonaroja.com.mx\/index.php?rest_route=%2Fwp%2Fv2%2Fcomments&post=24670"}],"version-history":[{"count":1,"href":"https:\/\/zonaroja.com.mx\/index.php?rest_route=\/wp\/v2\/posts\/24670\/revisions"}],"predecessor-version":[{"id":24671,"href":"https:\/\/zonaroja.com.mx\/index.php?rest_route=\/wp\/v2\/posts\/24670\/revisions\/24671"}],"wp:featuredmedia":[{"embeddable":true,"href":"https:\/\/zonaroja.com.mx\/index.php?rest_route=\/wp\/v2\/media\/24669"}],"wp:attachment":[{"href":"https:\/\/zonaroja.com.mx\/index.php?rest_route=%2Fwp%2Fv2%2Fmedia&parent=24670"}],"wp:term":[{"taxonomy":"category","embeddable":true,"href":"https:\/\/zonaroja.com.mx\/index.php?rest_route=%2Fwp%2Fv2%2Fcategories&post=24670"},{"taxonomy":"post_tag","embeddable":true,"href":"https:\/\/zonaroja.com.mx\/index.php?rest_route=%2Fwp%2Fv2%2Ftags&post=24670"}],"curies":[{"name":"wp","href":"https:\/\/api.w.org\/{rel}","templated":true}]}}