{"id":24675,"date":"2021-03-15T09:14:43","date_gmt":"2021-03-15T15:14:43","guid":{"rendered":"http:\/\/www.zonaroja.com.mx\/?p=24675"},"modified":"2021-03-15T13:31:15","modified_gmt":"2021-03-15T19:31:15","slug":"de-la-ternura-de-llevar-en-una-carreola-al-abuelo-a-vacunarse-a-la-triste-realidad-de-la-pobreza","status":"publish","type":"post","link":"https:\/\/zonaroja.com.mx\/?p=24675","title":{"rendered":"Javier y su bisabuelo: de la ternura por llevarlo en una carreola a la realidad de la pobreza"},"content":{"rendered":"\n<p>Evlin Arag\u00f3n\/Zona Roja. Foto: Paulina R\u00edos. <\/p>\n\n\n\n<p>Oaxaca de Ju\u00e1rez, Oax., 15 de marzo de 2021.- La historia de Javier de tan s\u00f3lo 11 a\u00f1os de edad y su bisabuelo Victorio se ha hecho viral r\u00e1pidamente.  Pero detr\u00e1s de ello est\u00e1 la cruda realidad de la pobreza. <\/p>\n\n\n\n<p>El pasado s\u00e1bado, el peque\u00f1o se rob\u00f3 los reflectores de los medios de comunicaci\u00f3n al llevar, junto con su hermano de seis a\u00f1os, a su bisabuelo para que le aplicaran la vacuna contra la Covid-19. <\/p>\n\n\n\n<p>Las fotos y videos de la periodista Paulina R\u00edos, que r\u00e1pidamente se difundieron, conmovieron a decenas de personas debido a que el menor empujaba una carriola para beb\u00e9, en mal estado, en la que trasladaba al abuelo, que padece diabetes.  <\/p>\n\n\n\n<p class=\"MsoNormal\">Aunque se hizo responsable al momento de la vacuna, Javier no vive solo. Su familia que radica en la agencia de San Isidro Monjas, perteneciente a Santa Cruz Xoxocotl\u00e1n, Oaxaca, est\u00e1 compuesta por su madre, padre, tres hermanitos -uno de ellos reci\u00e9n nacido- y el abuelo al que de manera responsable traslado para su inmunizaci\u00f3n.  <\/p>\n\n\n\n<p>Todos comparten un peque\u00f1o cuarto de l\u00e1mina en un terrero que les prestaron para instalarse. No hay ba\u00f1o, ni luz el\u00e9ctrica. Tampoco colchones, estufa, refrigerador, televisi\u00f3n y tel\u00e9fonos celulares. <\/p>\n\n\n\n<p>Pr\u00e1cticamente s\u00f3lo tienen unas bases de madera donde pueden descansar y una cama muy desgastada para el abuelito. Apenas si pueden sobrevivir. <\/p>\n\n\n\n<p>El cuartito es insuficiente para la familia de siete integrantes, hay momentos que el sol pega directamente y s\u00f3lo unos metros les dan sombra, seg\u00fan la descripci\u00f3n que hizo la periodista Paulina R\u00edos. <\/p>\n\n\n\n<p>El padre de Javier ha pensado en comprar un rollo de l\u00e1mina para hacer su ba\u00f1o y arreglar la casita, sin embargo, eso implicar\u00eda que los ni\u00f1os dejaran de comer algunos d\u00edas.   <\/p>\n\n\n\n<p>Y es que la familia, como muchas m\u00e1s en Oaxaca, vive al d\u00eda con el sueldo que gana el padre como alba\u00f1il y a veces la joven madre ofrece sus servicios de limpieza, sin embargo, ahora no puede dejar s\u00f3lo al beb\u00e9 reci\u00e9n nacido que tiene y al abuelo ya enfermo, por lo que se queda en casa.&nbsp;&nbsp;<\/p>\n\n\n\n<p>Pese a todo, nadie se rinde. Javier juega al futbol con su hermano. R\u00ede y sue\u00f1a como cualquier otro ni\u00f1o de su edad. Tambi\u00e9n ha salido a trabajar. Hubo una vez que su padre se enferm\u00f3 y tuvo que ir a cargar ladrillos, trabajo por el cual recibi\u00f3 250 pesos que le entreg\u00f3 \u00edntegramente a su madre.&nbsp;<\/p>\n\n\n\n<p class=\"MsoNormal\">La vida de Javier no es f\u00e1cil, aunque tiene el empuje para salir adelante, recientemente dej\u00f3 la escuela ya que fue diagnosticado con una rara enfermedad \u201cp\u00farpura trombocitop\u00e9nica\u201d que incluye la aparici\u00f3n de hematomas con facilidad, sangrado y manchas rojizas y moradas del tama\u00f1o de un punto en la parte inferior de las piernas.&nbsp;<\/p>\n\n\n\n<p>Aun as\u00ed, sus ojos llenos de esperanza han logrado conmover a decenas de personas que se organizan para llevarles ropa, v\u00edveres, incluso el cableado para que puedan tener luz en su peque\u00f1a vivienda.&nbsp;&nbsp;<\/p>\n\n\n\n<p>La vida de Javier y sus hermanitos, que se hizo viral recientemente, tiene una oportunidad de cambiar.  <\/p>\n\n\n\n<p>Poco a poco la ayuda a comenzado a fluir; ya tienen dos sillas de ruedas para el bisabuelo; ya les llevaron despensas; ya les prometieron programas sociales&#8230; ahora solo esperan que todo eso no quede en el calor de la difusi\u00f3n medi\u00e1tica sino contin\u00fae. <\/p>\n","protected":false},"excerpt":{"rendered":"<p>Evlin Arag\u00f3n\/Zona Roja. Foto: Paulina R\u00edos. Oaxaca de Ju\u00e1rez, Oax., 15 de marzo de 2021.-&hellip;<\/p>\n","protected":false},"author":2,"featured_media":24676,"comment_status":"closed","ping_status":"open","sticky":false,"template":"","format":"standard","meta":{"_lmt_disableupdate":"","_lmt_disable":"","_jetpack_memberships_contains_paid_content":false,"footnotes":""},"categories":[109,46],"tags":[],"class_list":["post-24675","post","type-post","status-publish","format-standard","has-post-thumbnail","hentry","category-minuto-a-minuto","category-zona-blanca"],"jetpack_featured_media_url":"https:\/\/zonaroja.com.mx\/wp-content\/uploads\/2021\/03\/Abuelito-silla-Monjas-Xoxocotlan.jpg","jetpack_sharing_enabled":true,"_links":{"self":[{"href":"https:\/\/zonaroja.com.mx\/index.php?rest_route=\/wp\/v2\/posts\/24675","targetHints":{"allow":["GET"]}}],"collection":[{"href":"https:\/\/zonaroja.com.mx\/index.php?rest_route=\/wp\/v2\/posts"}],"about":[{"href":"https:\/\/zonaroja.com.mx\/index.php?rest_route=\/wp\/v2\/types\/post"}],"author":[{"embeddable":true,"href":"https:\/\/zonaroja.com.mx\/index.php?rest_route=\/wp\/v2\/users\/2"}],"replies":[{"embeddable":true,"href":"https:\/\/zonaroja.com.mx\/index.php?rest_route=%2Fwp%2Fv2%2Fcomments&post=24675"}],"version-history":[{"count":2,"href":"https:\/\/zonaroja.com.mx\/index.php?rest_route=\/wp\/v2\/posts\/24675\/revisions"}],"predecessor-version":[{"id":24695,"href":"https:\/\/zonaroja.com.mx\/index.php?rest_route=\/wp\/v2\/posts\/24675\/revisions\/24695"}],"wp:featuredmedia":[{"embeddable":true,"href":"https:\/\/zonaroja.com.mx\/index.php?rest_route=\/wp\/v2\/media\/24676"}],"wp:attachment":[{"href":"https:\/\/zonaroja.com.mx\/index.php?rest_route=%2Fwp%2Fv2%2Fmedia&parent=24675"}],"wp:term":[{"taxonomy":"category","embeddable":true,"href":"https:\/\/zonaroja.com.mx\/index.php?rest_route=%2Fwp%2Fv2%2Fcategories&post=24675"},{"taxonomy":"post_tag","embeddable":true,"href":"https:\/\/zonaroja.com.mx\/index.php?rest_route=%2Fwp%2Fv2%2Ftags&post=24675"}],"curies":[{"name":"wp","href":"https:\/\/api.w.org\/{rel}","templated":true}]}}