{"id":24687,"date":"2021-03-15T07:29:58","date_gmt":"2021-03-15T13:29:58","guid":{"rendered":"http:\/\/www.zonaroja.com.mx\/?p=24687"},"modified":"2021-03-15T07:30:03","modified_gmt":"2021-03-15T13:30:03","slug":"dante-montano-transgresor-de-la-participacion-politica-de-las-mujeres","status":"publish","type":"post","link":"https:\/\/zonaroja.com.mx\/?p=24687","title":{"rendered":"Dante Monta\u00f1o, transgresor de la participaci\u00f3n pol\u00edtica de las mujeres"},"content":{"rendered":"\n<p>Yuridiana Sosa\/Zona Roja.<\/p>\n\n\n\n<p>Oaxaca de Ju\u00e1rez, Oax., 15 de marzo de 2021.- Desde el inicio de su gesti\u00f3n como presidente municipal de Santa Luc\u00eda del Camino, Dante Monta\u00f1o Montero, mostr\u00f3 su rechazo a la partici\u00f3n pol\u00edtica de las mujeres en su Cabildo y en su administraci\u00f3n.<\/p>\n\n\n\n<p>En su \u00faltimo a\u00f1o de gobierno, vuelve a protagonizar otra agresi\u00f3n a una funcionaria, de la que, adem\u00e1s, el gobernante de la \u201ccuarta transformaci\u00f3n\u201d, impulsado por Morena y el Partido del Trabajo, se victimiza.<\/p>\n\n\n\n<p>Ocurri\u00f3 el pasado jueves contra la delegada de los programas de Bienestar en Oaxaca, Nancy Ortiz, justificado en la suspensi\u00f3n de la jornada de vacunaci\u00f3n contra el covid-19, que con un d\u00eda de atraso se retom\u00f3.<\/p>\n\n\n\n<p>CONTRA SU REGIDORA<\/p>\n\n\n\n<p>Pero su historia de misoginia es larga. En diciembre de 2019, la regidora de Equidad de G\u00e9nero y Grupos Vulnerables del municipio de Santa Luc\u00eda del Camino, Nallely Ortiz Jim\u00e9nez, denunci\u00f3 p\u00fablicamente que el presidente municipal, Dante Monta\u00f1o, comet\u00eda en su contra violencia pol\u00edtica por raz\u00f3n de g\u00e9nero.<\/p>\n\n\n\n<p>La funcionaria municipal detall\u00f3 que las agresiones comenzaron por exigir al edil cumpliera con la realizaci\u00f3n de las sesiones de Cabildo como lo marca la Ley Org\u00e1nica Municipal y evitar la aprobaci\u00f3n de recursos sin analizarse, como ocurri\u00f3 con el presupuesto 2020.<\/p>\n\n\n\n<p>Los actos en su contra se intensificaron por tratar de proteger a la base trabajadora del ayuntamiento municipal, a quienes se les redujo el sueldo sin explicaci\u00f3n, as\u00ed como se le retuvo el pago salarial del personal a su cargo, dejando a la regidur\u00eda de Equidad de G\u00e9nero y Grupos Vulnerables sin trabajadores.<\/p>\n\n\n\n<p>Un segundo hecho fue precisamente el despido de decenas de mujeres del gobierno municipal, quienes incluso ofrecieron conferencias de prensa para denunciar el acto del presidente municipal.<\/p>\n\n\n\n<p>LO SANCIONAN<\/p>\n\n\n\n<p>La Sala Regional Xalapa del Tribunal Electoral del Poder Judicial de la Federaci\u00f3n, resolvi\u00f3 en junio de 2020 que el edil de Santa Luc\u00eda del Camino, Dante Monta\u00f1o, cometi\u00f3 violencia pol\u00edtica por raz\u00f3n de g\u00e9nero, por el que qued\u00f3 inhabilitado para participar en el proceso electoral 2020-2021.<\/p>\n\n\n\n<p>El Instituto Estatal Electoral y de Participaci\u00f3n Ciudadana de Oaxaca (IEEPCO) public\u00f3 una lista de \u201cRegistro de Personas Sancionadas por Violencia Pol\u00edtica contra las Mujeres en Raz\u00f3n de G\u00e9nero\u201d, la cual encabeza el presidente municipal de Santa Luc\u00eda del Camino.<\/p>\n\n\n\n<p>La conducta agresora, sancionada, fue por obstrucci\u00f3n e invisibilizaci\u00f3n del ejercicio al cargo de regidora de Equidad G\u00e9nero y Grupos Vulnerables del Ayuntamiento de Santa Lucia del Camino.<\/p>\n\n\n\n<p>Las autoridades resolvieron: \u201cAbstenerse de realizar acciones u omisiones que de manera directa o indirecta tengan por objeto o resultado, intimidar, molestar o causar un da\u00f1o, perjuicio u obstaculizar el ejercicio del cargo de la Regidora de Equidad, G\u00e9nero y Grupos Vulnerables.\u201d<\/p>\n\n\n\n<p>As\u00ed como, la abstenci\u00f3n de inscripci\u00f3n al presente registro por ejercer violencia pol\u00edtica en raz\u00f3n de g\u00e9nero mismo que ser\u00e1 tomado en cuenta para pr\u00f3ximo proceso electoral ordinario 2020-2021.<\/p>\n\n\n\n<p>SU DISCULPA<\/p>\n\n\n\n<p>En noviembre de ese a\u00f1o, Dante Monta\u00f1o trat\u00f3 de remediar la situaci\u00f3n. En un acto de p\u00fablico ofreci\u00f3 una disculpa su compa\u00f1era regidora Nallely Ortiz Jim\u00e9nez.<\/p>\n\n\n\n<p>\u201cMe quiero disculpar si es que as\u00ed lo hice, me disculpo p\u00fablicamente con mi compa\u00f1era Nallely Ortiz si considera que yo ejerc\u00ed violencia contra ella, y espero sean aceptadas las disculpas\u201d, expres\u00f3 en la inauguraci\u00f3n de las nuevas instalaciones de la Instancia Municipal de las Mujeres de ese ayuntamiento.<\/p>\n\n\n\n<p>PERO RECAE<\/p>\n\n\n\n<p>La suspensi\u00f3n de la jornada de vacunaci\u00f3n contra Covid-19 para los adultos mayores fue el pretexto para que el edil comenzara una protesta contra la delegada de programas de Bienestar en Oaxaca, Nancy Ortiz.<\/p>\n\n\n\n<p>Azuz\u00f3 a la poblaci\u00f3n a las movilizaciones que \u00e9l mismo encabez\u00f3. Una serie de descalificativos contra la servidora p\u00fablica fueron parte de la forma de exigir una explicaci\u00f3n de la suspensi\u00f3n.<\/p>\n\n\n\n<p>Dante Monta\u00f1o, acompa\u00f1ado de su grupo de trabajadores, as\u00ed como algunos ciudadanos, trat\u00f3 retener a la funcionaria en las oficinas federales de Bienestar en Santa Luc\u00eda del Camino y despu\u00e9s \u201ctom\u00f3\u201d las oficinas para evitar que saliera.<\/p>\n\n\n\n<p>Hechos que derivaron en m\u00e1s violencia y en la que uno de los elementos de seguridad de la funcionaria sac\u00f3 un arma de fuego para amedrentar al edil.<\/p>\n\n\n\n<p>Diputados locales de Oaxaca, de Morena, condenaron los actos encabezados por Dante Monta\u00f1o, a quien se\u00f1alaron de cometer violencia pol\u00edtica por raz\u00f3n de g\u00e9nero.<\/p>\n\n\n\n<p>En lugar de disculparse, el s\u00e1bado 13 de marzo por la ma\u00f1ana, en uno de sus domicilios, ubicado en Calicanto 102, colonia del Bosque, ofreci\u00f3 junto con el diputado federal Benjam\u00edn Robles, un convivio a mujeres que lo acompa\u00f1aron a la movilizaci\u00f3n y hasta les regal\u00f3 enseres.<\/p>\n","protected":false},"excerpt":{"rendered":"<p>Yuridiana Sosa\/Zona Roja. Oaxaca de Ju\u00e1rez, Oax., 15 de marzo de 2021.- Desde el inicio&hellip;<\/p>\n","protected":false},"author":2,"featured_media":24688,"comment_status":"closed","ping_status":"open","sticky":false,"template":"","format":"standard","meta":{"_lmt_disableupdate":"","_lmt_disable":"","_jetpack_memberships_contains_paid_content":false,"footnotes":""},"categories":[109,47],"tags":[585],"class_list":["post-24687","post","type-post","status-publish","format-standard","has-post-thumbnail","hentry","category-minuto-a-minuto","category-zona-gris","tag-dante-montano-montero"],"jetpack_featured_media_url":"https:\/\/zonaroja.com.mx\/wp-content\/uploads\/2021\/03\/Dante-Montano-Montero-2.jpg","jetpack_sharing_enabled":true,"_links":{"self":[{"href":"https:\/\/zonaroja.com.mx\/index.php?rest_route=\/wp\/v2\/posts\/24687","targetHints":{"allow":["GET"]}}],"collection":[{"href":"https:\/\/zonaroja.com.mx\/index.php?rest_route=\/wp\/v2\/posts"}],"about":[{"href":"https:\/\/zonaroja.com.mx\/index.php?rest_route=\/wp\/v2\/types\/post"}],"author":[{"embeddable":true,"href":"https:\/\/zonaroja.com.mx\/index.php?rest_route=\/wp\/v2\/users\/2"}],"replies":[{"embeddable":true,"href":"https:\/\/zonaroja.com.mx\/index.php?rest_route=%2Fwp%2Fv2%2Fcomments&post=24687"}],"version-history":[{"count":1,"href":"https:\/\/zonaroja.com.mx\/index.php?rest_route=\/wp\/v2\/posts\/24687\/revisions"}],"predecessor-version":[{"id":24689,"href":"https:\/\/zonaroja.com.mx\/index.php?rest_route=\/wp\/v2\/posts\/24687\/revisions\/24689"}],"wp:featuredmedia":[{"embeddable":true,"href":"https:\/\/zonaroja.com.mx\/index.php?rest_route=\/wp\/v2\/media\/24688"}],"wp:attachment":[{"href":"https:\/\/zonaroja.com.mx\/index.php?rest_route=%2Fwp%2Fv2%2Fmedia&parent=24687"}],"wp:term":[{"taxonomy":"category","embeddable":true,"href":"https:\/\/zonaroja.com.mx\/index.php?rest_route=%2Fwp%2Fv2%2Fcategories&post=24687"},{"taxonomy":"post_tag","embeddable":true,"href":"https:\/\/zonaroja.com.mx\/index.php?rest_route=%2Fwp%2Fv2%2Ftags&post=24687"}],"curies":[{"name":"wp","href":"https:\/\/api.w.org\/{rel}","templated":true}]}}