{"id":24690,"date":"2021-03-15T07:37:25","date_gmt":"2021-03-15T13:37:25","guid":{"rendered":"http:\/\/www.zonaroja.com.mx\/?p=24690"},"modified":"2021-03-15T07:37:29","modified_gmt":"2021-03-15T13:37:29","slug":"oaxaca-segundo-lugar-nacional-en-violencia-politica-solo-lo-supera-veracruz","status":"publish","type":"post","link":"https:\/\/zonaroja.com.mx\/?p=24690","title":{"rendered":"Oaxaca, segundo lugar nacional en violencia pol\u00edtica; s\u00f3lo lo supera Veracruz"},"content":{"rendered":"\n<p>Evlin Arag\u00f3n\/Zona Roja.<\/p>\n\n\n\n<p>Oaxaca de Ju\u00e1rez, Oax., 15 de marzo de 2021.- El estado de Oaxaca se ubica en el segundo lugar de los estados de la Rep\u00fablica Mexicana con mayor riesgo para la actividad pol\u00edtica y electoral, solo por debajo de Veracruz, en los primeros seis meses del proceso electoral 2020-2021.<\/p>\n\n\n\n<p>Lo anterior de acuerdo con el Segundo Informe de Violencia contra Personas Pol\u00edticas en M\u00e9xico 2021, realizado por Etellekt Consultores, el cual cubre el periodo que comprende entre el 7 de septiembre de 2020 -fecha de inicio del proceso electoral- y hasta el 5 de marzo de 2021.<\/p>\n\n\n\n<p>El informe refiere que, de las 205 agresiones registradas en todo el pa\u00eds, 22 se han suscitado en la entidad oaxaque\u00f1a, s\u00f3lo por debajo de Veracruz con 41 casos; mientras que Puebla y Guerrero reportan 15 caso cada uno.<\/p>\n\n\n\n<p>Veracruz, Oaxaca, Puebla, Guerrero, Estado de M\u00e9xico, Quintana Roo, Michoac\u00e1n y San Luis Potos\u00ed, concentran el 65 por ciento de todas las agresiones registradas durante el proceso electoral en curso.<\/p>\n\n\n\n<p>Los datos presentados refieren 60 amenazas y 55 homicidios dolosos registrados en los \u00faltimos meses en el pa\u00eds, convirtiendo estas agresiones como las de mayor n\u00famero de casos; seguida muy de cerca por la privaci\u00f3n ilegal de la libertad, infracciones contra la dignidad, robo con o sin violencia, homicidios en grado de tentativa.<\/p>\n\n\n\n<p>De ah\u00ed le siguen en menor medida el despojo de oficinas, atentados contra familiares, da\u00f1o a la propiedad, ataques contra colaboradores, lesiones, intimidaci\u00f3n cometida por servidores p\u00fablico y privaci\u00f3n ilegal de la libertad en grado de tentativa.<\/p>\n\n\n\n<p>El 80.1 por ciento de las agresiones se dirigieron contra personas pol\u00edticas del \u00e1mbito municipal. Del total de v\u00edctimas 70 por ciento eran hombres y 21 por ciento mujeres; mientras que el 9 por ciento restante de las agresiones restantes se perpetraron, en la mayor\u00eda de los casos, en contra de oficinas partidistas desocupadas.<\/p>\n\n\n\n<p>El mes de febrero se convirti\u00f3 en el m\u00e1s peligroso para las personas involucradas en la pol\u00edtica, registrando un repunte del 59 por ciento. Igualmente, el n\u00famero de personas pol\u00edticas asesinadas se increment\u00f3 160%.<\/p>\n\n\n\n<p>Finalmente, el informe evidencia que en promedio se ha cometido un asesinato cada tres d\u00edas en este periodo; ocho de cada diez v\u00edctimas de homicidio doloso, eran opositoras a los gobiernos estatales; y son militantes de Morena y el PRI, el principal blanco de agresiones.<\/p>\n","protected":false},"excerpt":{"rendered":"<p>Evlin Arag\u00f3n\/Zona Roja. Oaxaca de Ju\u00e1rez, Oax., 15 de marzo de 2021.- El estado de&hellip;<\/p>\n","protected":false},"author":2,"featured_media":24691,"comment_status":"closed","ping_status":"open","sticky":false,"template":"","format":"standard","meta":{"_lmt_disableupdate":"","_lmt_disable":"","_jetpack_memberships_contains_paid_content":false,"footnotes":""},"categories":[109,47],"tags":[1171],"class_list":["post-24690","post","type-post","status-publish","format-standard","has-post-thumbnail","hentry","category-minuto-a-minuto","category-zona-gris","tag-etellekt-consultores"],"jetpack_featured_media_url":"https:\/\/zonaroja.com.mx\/wp-content\/uploads\/2021\/03\/Etellekt.png","jetpack_sharing_enabled":true,"_links":{"self":[{"href":"https:\/\/zonaroja.com.mx\/index.php?rest_route=\/wp\/v2\/posts\/24690","targetHints":{"allow":["GET"]}}],"collection":[{"href":"https:\/\/zonaroja.com.mx\/index.php?rest_route=\/wp\/v2\/posts"}],"about":[{"href":"https:\/\/zonaroja.com.mx\/index.php?rest_route=\/wp\/v2\/types\/post"}],"author":[{"embeddable":true,"href":"https:\/\/zonaroja.com.mx\/index.php?rest_route=\/wp\/v2\/users\/2"}],"replies":[{"embeddable":true,"href":"https:\/\/zonaroja.com.mx\/index.php?rest_route=%2Fwp%2Fv2%2Fcomments&post=24690"}],"version-history":[{"count":1,"href":"https:\/\/zonaroja.com.mx\/index.php?rest_route=\/wp\/v2\/posts\/24690\/revisions"}],"predecessor-version":[{"id":24692,"href":"https:\/\/zonaroja.com.mx\/index.php?rest_route=\/wp\/v2\/posts\/24690\/revisions\/24692"}],"wp:featuredmedia":[{"embeddable":true,"href":"https:\/\/zonaroja.com.mx\/index.php?rest_route=\/wp\/v2\/media\/24691"}],"wp:attachment":[{"href":"https:\/\/zonaroja.com.mx\/index.php?rest_route=%2Fwp%2Fv2%2Fmedia&parent=24690"}],"wp:term":[{"taxonomy":"category","embeddable":true,"href":"https:\/\/zonaroja.com.mx\/index.php?rest_route=%2Fwp%2Fv2%2Fcategories&post=24690"},{"taxonomy":"post_tag","embeddable":true,"href":"https:\/\/zonaroja.com.mx\/index.php?rest_route=%2Fwp%2Fv2%2Ftags&post=24690"}],"curies":[{"name":"wp","href":"https:\/\/api.w.org\/{rel}","templated":true}]}}