{"id":24696,"date":"2021-03-15T15:41:16","date_gmt":"2021-03-15T21:41:16","guid":{"rendered":"http:\/\/www.zonaroja.com.mx\/?p=24696"},"modified":"2021-03-15T15:41:19","modified_gmt":"2021-03-15T21:41:19","slug":"asesinan-en-una-fiesta-a-tres-personas-en-jamiltepec-sspo-refuerza-seguridad","status":"publish","type":"post","link":"https:\/\/zonaroja.com.mx\/?p=24696","title":{"rendered":"Asesinan en una fiesta a tres personas en Jamiltepec; SSPO refuerza seguridad"},"content":{"rendered":"\n<p>Redacci\u00f3n\/Zona Roja.<\/p>\n\n\n\n<p>Oaxaca de Ju\u00e1rez, Oax., 15 de marzo de 2021.- Tres personas fueron asesinadas a balazos la madrugada de este lunes durante una fiesta, en la comunidad de Paso de la Reyna, perteneciente a Santiago Jamiltepec, en la regi\u00f3n de la Costa de Oaxaca.<\/p>\n\n\n\n<p>Los hechos sucedieron en un domicilio particular del Barrio Chico y las v\u00edctimas fueron identificadas como Raymundo Robles Ria\u00f1o, de 55 a\u00f1os de edad; No\u00e9 Robles Cruz, de 38 a\u00f1os y Gerardo Mendoza Reyes, de 19 a\u00f1os.<\/p>\n\n\n\n<p>Tras las primeras indagatorias de personal de la Vicefiscal\u00eda Regional de la Costa, hallaron en la zona diversos cartuchos percutidos calibre 38, entre otros indicios.<\/p>\n\n\n\n<p>Hasta el momento se desconoce la identidad de los agresores, pues se dieron a la fuga de inmediato.<\/p>\n\n\n\n<p>Por su parte, la Secretar\u00eda de Seguridad P\u00fablica de Oaxaca inform\u00f3 que mantiene en la zona un dispositivo de seguridad, en coordinaci\u00f3n con corporaciones policiacas federales y municipales.<\/p>\n\n\n\n<p>Indic\u00f3 que tanto en Paso de la Reyna como en todo el municipio de Jamiltepec y la Costa, se mantienen recorridos a pie y patrullajes.<\/p>\n","protected":false},"excerpt":{"rendered":"<p>Redacci\u00f3n\/Zona Roja. Oaxaca de Ju\u00e1rez, Oax., 15 de marzo de 2021.- Tres personas fueron asesinadas&hellip;<\/p>\n","protected":false},"author":2,"featured_media":24697,"comment_status":"closed","ping_status":"open","sticky":false,"template":"","format":"standard","meta":{"_lmt_disableupdate":"","_lmt_disable":"","_jetpack_memberships_contains_paid_content":false,"footnotes":""},"categories":[109,51],"tags":[2397],"class_list":["post-24696","post","type-post","status-publish","format-standard","has-post-thumbnail","hentry","category-minuto-a-minuto","category-zona-roja","tag-paso-de-la-reyna-jamiltepec"],"jetpack_featured_media_url":"https:\/\/zonaroja.com.mx\/wp-content\/uploads\/2021\/03\/Paso-de-la-Reyna.jpeg","jetpack_sharing_enabled":true,"_links":{"self":[{"href":"https:\/\/zonaroja.com.mx\/index.php?rest_route=\/wp\/v2\/posts\/24696","targetHints":{"allow":["GET"]}}],"collection":[{"href":"https:\/\/zonaroja.com.mx\/index.php?rest_route=\/wp\/v2\/posts"}],"about":[{"href":"https:\/\/zonaroja.com.mx\/index.php?rest_route=\/wp\/v2\/types\/post"}],"author":[{"embeddable":true,"href":"https:\/\/zonaroja.com.mx\/index.php?rest_route=\/wp\/v2\/users\/2"}],"replies":[{"embeddable":true,"href":"https:\/\/zonaroja.com.mx\/index.php?rest_route=%2Fwp%2Fv2%2Fcomments&post=24696"}],"version-history":[{"count":1,"href":"https:\/\/zonaroja.com.mx\/index.php?rest_route=\/wp\/v2\/posts\/24696\/revisions"}],"predecessor-version":[{"id":24698,"href":"https:\/\/zonaroja.com.mx\/index.php?rest_route=\/wp\/v2\/posts\/24696\/revisions\/24698"}],"wp:featuredmedia":[{"embeddable":true,"href":"https:\/\/zonaroja.com.mx\/index.php?rest_route=\/wp\/v2\/media\/24697"}],"wp:attachment":[{"href":"https:\/\/zonaroja.com.mx\/index.php?rest_route=%2Fwp%2Fv2%2Fmedia&parent=24696"}],"wp:term":[{"taxonomy":"category","embeddable":true,"href":"https:\/\/zonaroja.com.mx\/index.php?rest_route=%2Fwp%2Fv2%2Fcategories&post=24696"},{"taxonomy":"post_tag","embeddable":true,"href":"https:\/\/zonaroja.com.mx\/index.php?rest_route=%2Fwp%2Fv2%2Ftags&post=24696"}],"curies":[{"name":"wp","href":"https:\/\/api.w.org\/{rel}","templated":true}]}}