{"id":24699,"date":"2021-03-15T15:54:02","date_gmt":"2021-03-15T21:54:02","guid":{"rendered":"http:\/\/www.zonaroja.com.mx\/?p=24699"},"modified":"2021-03-15T15:55:24","modified_gmt":"2021-03-15T21:55:24","slug":"regresan-normalistas-y-preparan-protestas-por-mejores-colchones","status":"publish","type":"post","link":"https:\/\/zonaroja.com.mx\/?p=24699","title":{"rendered":"Regresan normalistas y preparan protestas\u2026 por mejores colchones"},"content":{"rendered":"\n<p>Evlin Arag\u00f3n\/Zona Roja.<\/p>\n\n\n\n<p>Oaxaca de Ju\u00e1rez, Oax., 15 de marzo de 2021.- Normalistas, que mantienen en su poder las instalaciones del Centro Regional de Educaci\u00f3n Normal de Oaxaca (CRENO) acusaron a las autoridades del Instituto Estatal de Educaci\u00f3n P\u00fablica de Oaxaca (IEEPO) de no cumplir la contrataci\u00f3n total de egresados de las generaciones 2017-2018 y 2018-2019.&nbsp;<\/p>\n\n\n\n<p>Sin embargo, reconocieron tambi\u00e9n, en conferencia de prensa, que una de sus demandas son la dotaci\u00f3n de mejores equipos y colchones, para los planteles donde funciona un albergue, como es el caso de Tamazul\u00e1pam del Progreso, en la regi\u00f3n Mixteca del estado.<\/p>\n\n\n\n<p>Atrincherados en el CREO, ubicado al norte de la ciudad de Oaxaca, explicaron que hay j\u00f3venes que quedaron rezagados en torno a la contrataci\u00f3n directa prometida, por lo que el procedimiento no se llev\u00f3 a cabo en un cien por ciento como fue declarado por la autoridad educativa.&nbsp;&nbsp;<\/p>\n\n\n\n<p>As\u00ed mismo indicaron que tampoco se ha cumplido con los apoyos a las escuelas normales, ya que aseguran que no es verdad que hayan instalado antenas de internet y plataformas espec\u00edficas para seguir con las clases en l\u00ednea.<\/p>\n\n\n\n<p>Mientras que los 350 colchones que fueron otorgados a la Escuela Normal Rural Vanguardia de Tamazul\u00e1pam son de muy mala calidad y fueron entregados por circunstancias de fuerza mayor y no como parte del apoyo que refiere la autoridad educativa.&nbsp;<\/p>\n\n\n\n<p>Sin aceptar ninguna pregunta por parte de la prensa, el grupo de normalistas advirti\u00f3 movilizaciones para el d\u00eda de ma\u00f1ana martes, ello sin explicar de qu\u00e9 tipo y en qu\u00e9 zona las llevar\u00e1n a cabo.<\/p>\n\n\n\n<figure class=\"wp-block-embed-twitter wp-block-embed is-type-rich is-provider-twitter\"><div class=\"wp-block-embed__wrapper\">\n<div class=\"twitter-tweet\"><blockquote class=\"twitter-tweet\" data-lang=\"es\"><p lang=\"es\" dir=\"ltr\"><a href=\"https:\/\/twitter.com\/hashtag\/%C3%9AltimoMinuto?src=hash&amp;ref_src=twsrc%5Etfw\">#\u00daltimoMinuto<\/a> <br>Estudiantes de las escuelas normales del estado de <a href=\"https:\/\/twitter.com\/hashtag\/Oaxaca?src=hash&amp;ref_src=twsrc%5Etfw\">#Oaxaca<\/a> se congregan de nuevo, para exigir contrataci\u00f3n de m\u00e1s egresado&#8230; y tambi\u00e9n colchones de marca. <a href=\"https:\/\/t.co\/0rRUhjhIUq\">pic.twitter.com\/0rRUhjhIUq<\/a><\/p>&mdash; Zona Roja Oaxaca (@Zona_Roja_Oax) <a href=\"https:\/\/twitter.com\/Zona_Roja_Oax\/status\/1371509437882634245?ref_src=twsrc%5Etfw\">15 de marzo de 2021<\/a><\/blockquote><\/div>\n<\/div><\/figure>\n\n\n\n<p>S\u00cd HAY APOYOS<\/p>\n\n\n\n<p>Previo a las declaraciones de las y los j\u00f3venes, el titular de la Unidad de Educaci\u00f3n Normal y Formaci\u00f3n de Docentes del IEEPO, Carlos Alberto Cuevas Cervantes, declar\u00f3 que en conjunto con la comunidad normalistas se han logrado avance en significativos en sus peticiones.<\/p>\n\n\n\n<p>Al respecto, refiri\u00f3 la contrataci\u00f3n al cien por ciento de las y los egresados normalistas, que equivale a mil 539 j\u00f3venes, de las generaciones 2017-2018 y 2018-2019, con una inversi\u00f3n anual de 338 millones de pesos.&nbsp;<\/p>\n\n\n\n<p>As\u00ed mismo la implementaci\u00f3n de 8.6 millones de pesos para la organizaci\u00f3n, funcionamiento y la transformaci\u00f3n de la once escuelas normales con equipo tecnol\u00f3gico, plataforma educativa m\u00f3vil, internet satelital y mantenimiento.<\/p>\n\n\n\n<p>Lo anterior, sin dejar de mencionar la implementaci\u00f3n de una estrategia flexible de educaci\u00f3n a distancia, considerando el contexto de cada una de las normales, el acompa\u00f1amiento y asesor\u00eda al personal directivo para la acreditaci\u00f3n y validaci\u00f3n del semestre par febrero-julio 2020 y septiembre 2020-enero 2021 ante las instancias correspondientes.<\/p>\n\n\n\n<p>Cuevas Cervantes inform\u00f3 que todo se ha generado por medio de reuniones y di\u00e1logo permanente, generando acuerdos importantes para el buen funcionamiento de la normales en el estado de Oaxaca.&nbsp;<\/p>\n\n\n\n<figure class=\"wp-block-embed-twitter wp-block-embed is-type-rich is-provider-twitter\"><div class=\"wp-block-embed__wrapper\">\n<div class=\"twitter-tweet\"><blockquote class=\"twitter-tweet\" data-lang=\"es\"><p lang=\"es\" dir=\"ltr\">A\u00fan en contingencia sanitaria el IEEPO en trabajo en equipo con la <a href=\"https:\/\/twitter.com\/SEP_mx?ref_src=twsrc%5Etfw\">@SEP_mx<\/a>, las directivas de las 11 Escuelas Normales y la comunidad normalista ha logrado importantes avances, de los que informa el titular de la Unidad de Educaci\u00f3n Normal y Formaci\u00f3n de Docentes, Carlos Cuevas. <a href=\"https:\/\/t.co\/M10WZ5NnWG\">pic.twitter.com\/M10WZ5NnWG<\/a><\/p>&mdash; IEEPO (@IEEPOGobOax) <a href=\"https:\/\/twitter.com\/IEEPOGobOax\/status\/1371128996423946247?ref_src=twsrc%5Etfw\">14 de marzo de 2021<\/a><\/blockquote><\/div>\n<\/div><\/figure>\n","protected":false},"excerpt":{"rendered":"<p>Evlin Arag\u00f3n\/Zona Roja. Oaxaca de Ju\u00e1rez, Oax., 15 de marzo de 2021.- Normalistas, que mantienen&hellip;<\/p>\n","protected":false},"author":2,"featured_media":24701,"comment_status":"closed","ping_status":"open","sticky":false,"template":"","format":"standard","meta":{"_lmt_disableupdate":"","_lmt_disable":"","_jetpack_memberships_contains_paid_content":false,"footnotes":""},"categories":[109,47],"tags":[599],"class_list":["post-24699","post","type-post","status-publish","format-standard","has-post-thumbnail","hentry","category-minuto-a-minuto","category-zona-gris","tag-instituto-estatal-de-educacion-publica-de-oaxaca"],"jetpack_featured_media_url":"https:\/\/zonaroja.com.mx\/wp-content\/uploads\/2021\/03\/Conferencia-normalistas-Oaxaca.jpg","jetpack_sharing_enabled":true,"_links":{"self":[{"href":"https:\/\/zonaroja.com.mx\/index.php?rest_route=\/wp\/v2\/posts\/24699","targetHints":{"allow":["GET"]}}],"collection":[{"href":"https:\/\/zonaroja.com.mx\/index.php?rest_route=\/wp\/v2\/posts"}],"about":[{"href":"https:\/\/zonaroja.com.mx\/index.php?rest_route=\/wp\/v2\/types\/post"}],"author":[{"embeddable":true,"href":"https:\/\/zonaroja.com.mx\/index.php?rest_route=\/wp\/v2\/users\/2"}],"replies":[{"embeddable":true,"href":"https:\/\/zonaroja.com.mx\/index.php?rest_route=%2Fwp%2Fv2%2Fcomments&post=24699"}],"version-history":[{"count":2,"href":"https:\/\/zonaroja.com.mx\/index.php?rest_route=\/wp\/v2\/posts\/24699\/revisions"}],"predecessor-version":[{"id":24702,"href":"https:\/\/zonaroja.com.mx\/index.php?rest_route=\/wp\/v2\/posts\/24699\/revisions\/24702"}],"wp:featuredmedia":[{"embeddable":true,"href":"https:\/\/zonaroja.com.mx\/index.php?rest_route=\/wp\/v2\/media\/24701"}],"wp:attachment":[{"href":"https:\/\/zonaroja.com.mx\/index.php?rest_route=%2Fwp%2Fv2%2Fmedia&parent=24699"}],"wp:term":[{"taxonomy":"category","embeddable":true,"href":"https:\/\/zonaroja.com.mx\/index.php?rest_route=%2Fwp%2Fv2%2Fcategories&post=24699"},{"taxonomy":"post_tag","embeddable":true,"href":"https:\/\/zonaroja.com.mx\/index.php?rest_route=%2Fwp%2Fv2%2Ftags&post=24699"}],"curies":[{"name":"wp","href":"https:\/\/api.w.org\/{rel}","templated":true}]}}