{"id":24703,"date":"2021-03-15T16:07:41","date_gmt":"2021-03-15T22:07:41","guid":{"rendered":"http:\/\/www.zonaroja.com.mx\/?p=24703"},"modified":"2021-03-15T19:49:09","modified_gmt":"2021-03-16T01:49:09","slug":"por-incumplimientos-y-desinformacion-bloquean-proyecto-transistimico","status":"publish","type":"post","link":"https:\/\/zonaroja.com.mx\/?p=24703","title":{"rendered":"Por incumplimientos y desinformaci\u00f3n, bloquean Proyecto Trans\u00edstimico"},"content":{"rendered":"\n<p>Yuridiana Sosa\/Zona Roja.<\/p>\n\n\n\n<p>Oaxaca de Ju\u00e1rez, Oax., 15 de marzo de 2021.- Habitantes de la regi\u00f3n del Istmo de Tehuantepec mantienen sus protestas contra el Proyecto Trans\u00edstmico, por lo que bloquean las v\u00edas f\u00e9rreas.<\/p>\n\n\n\n<p>Pobladores de 14 agencias del municipio de Mat\u00edas Romero \u201ctomaron\u201d las v\u00edas del ferrocarril en inmediaciones de la Estaci\u00f3n Ubero, para exigir al gobierno federal mayor informaci\u00f3n del proyecto y atenci\u00f3n a sus diversas demandas sociales.<\/p>\n\n\n\n<p>La actividad, que comenz\u00f3 cerca de las 09:00 horas, forma parte de la la jornada regional en defensa de los derechos de los pueblos del Istmo, la cual inici\u00f3 desde el pasado 9 de marzo con la participaci\u00f3n de habitantes de Mat\u00edas Romero, Barrio de la Soledad, Santa Mar\u00eda Petapa y San Juan Guachicovi.<\/p>\n\n\n\n<p>En esta jornada tambi\u00e9n se han apoderado de las v\u00edas en la poblaci\u00f3n de Estaci\u00f3n Mogo\u00f1e, pues los ciudadanos refieren de posibles desalojos a los que habitan en los tramos colindantes al corredor interoce\u00e1nico.<\/p>\n\n\n\n<p>Otra de las denuncias, y que exigen se resuelvan, son las altas tarifas de la Comisi\u00f3n Federal de Electricidad (CFE) en el consumo dom\u00e9stico; irregularidades en la aplicaci\u00f3n de los programas de la Secretar\u00eda de Bienestar y piden ambulancias para el hospital IMSS de las comunidades.<\/p>\n","protected":false},"excerpt":{"rendered":"<p>Yuridiana Sosa\/Zona Roja. Oaxaca de Ju\u00e1rez, Oax., 15 de marzo de 2021.- Habitantes de la&hellip;<\/p>\n","protected":false},"author":2,"featured_media":24704,"comment_status":"closed","ping_status":"open","sticky":false,"template":"","format":"standard","meta":{"_lmt_disableupdate":"","_lmt_disable":"","_jetpack_memberships_contains_paid_content":false,"footnotes":""},"categories":[109,47],"tags":[1146],"class_list":["post-24703","post","type-post","status-publish","format-standard","has-post-thumbnail","hentry","category-minuto-a-minuto","category-zona-gris","tag-proyecto-transistimico"],"jetpack_featured_media_url":"https:\/\/zonaroja.com.mx\/wp-content\/uploads\/2021\/03\/Protesta-vias-ferreas-Istmo.jpg","jetpack_sharing_enabled":true,"_links":{"self":[{"href":"https:\/\/zonaroja.com.mx\/index.php?rest_route=\/wp\/v2\/posts\/24703","targetHints":{"allow":["GET"]}}],"collection":[{"href":"https:\/\/zonaroja.com.mx\/index.php?rest_route=\/wp\/v2\/posts"}],"about":[{"href":"https:\/\/zonaroja.com.mx\/index.php?rest_route=\/wp\/v2\/types\/post"}],"author":[{"embeddable":true,"href":"https:\/\/zonaroja.com.mx\/index.php?rest_route=\/wp\/v2\/users\/2"}],"replies":[{"embeddable":true,"href":"https:\/\/zonaroja.com.mx\/index.php?rest_route=%2Fwp%2Fv2%2Fcomments&post=24703"}],"version-history":[{"count":2,"href":"https:\/\/zonaroja.com.mx\/index.php?rest_route=\/wp\/v2\/posts\/24703\/revisions"}],"predecessor-version":[{"id":24710,"href":"https:\/\/zonaroja.com.mx\/index.php?rest_route=\/wp\/v2\/posts\/24703\/revisions\/24710"}],"wp:featuredmedia":[{"embeddable":true,"href":"https:\/\/zonaroja.com.mx\/index.php?rest_route=\/wp\/v2\/media\/24704"}],"wp:attachment":[{"href":"https:\/\/zonaroja.com.mx\/index.php?rest_route=%2Fwp%2Fv2%2Fmedia&parent=24703"}],"wp:term":[{"taxonomy":"category","embeddable":true,"href":"https:\/\/zonaroja.com.mx\/index.php?rest_route=%2Fwp%2Fv2%2Fcategories&post=24703"},{"taxonomy":"post_tag","embeddable":true,"href":"https:\/\/zonaroja.com.mx\/index.php?rest_route=%2Fwp%2Fv2%2Ftags&post=24703"}],"curies":[{"name":"wp","href":"https:\/\/api.w.org\/{rel}","templated":true}]}}