{"id":24717,"date":"2021-03-15T21:46:20","date_gmt":"2021-03-16T03:46:20","guid":{"rendered":"http:\/\/www.zonaroja.com.mx\/?p=24717"},"modified":"2021-03-15T21:46:23","modified_gmt":"2021-03-16T03:46:23","slug":"lio-agrario-y-defensa-de-derechos-desata-conflicto-entre-ixtlan-y-guelatao","status":"publish","type":"post","link":"https:\/\/zonaroja.com.mx\/?p=24717","title":{"rendered":"L\u00edo agrario y defensa de derechos desata conflicto entre Ixtl\u00e1n y Guelatao"},"content":{"rendered":"\n<p>Yuridiana Sosa\/Zona Roja.<\/p>\n\n\n\n<p>Oaxaca de Ju\u00e1rez, Oax.,15 de marzo de 2021.- A una semana de conmemorar el natalicio de don Benito Ju\u00e1rez, integrantes de la Uni\u00f3n de Organizaciones de la Sierra Ju\u00e1rez Oaxaca S.C. (Unosjo) denunciaron la invasi\u00f3n y destrucci\u00f3n de sus instalaciones por parte de habitantes de Ixtl\u00e1n de Ju\u00e1rez, respaldados por autoridades municipales y comunales.<\/p>\n\n\n\n<p>Los hechos se registraron alrededor de las 06:00 horas de este lunes, tras rumores desde la noche de ayer sobre la posible destrucci\u00f3n de las instalaciones de la organizaci\u00f3n, inform\u00f3 la parte agraviada a trav\u00e9s de un comunicado en sus redes sociales.<\/p>\n\n\n\n<p>\u201cPensamos que el ensa\u00f1amiento en contra de nuestra organizaci\u00f3n no es s\u00f3lo a causa del litigio agrario que existe entre Guelatao e Ixtl\u00e1n, sino sobre todo por el trabajo de defensa de derechos humanos que hemos realizado en las agencias del municipio de Ixtl\u00e1n de Ju\u00e1rez, entre otras comunidades, desde hace m\u00e1s de 20 a\u00f1os\u201d, destac\u00f3 la Uni\u00f3n de Organizaciones.<\/p>\n\n\n\n<p>Se\u00f1al\u00f3 que temen por la integridad f\u00edsica de sus integrantes, por lo que responsabilizan de cualquier agresi\u00f3n o acto en su contra a la autoridad municipal de Ixtl\u00e1n de Ju\u00e1rez y al Comisariado de Bienes Comunales, quienes se encontraban en el lugar durante el ataque.<\/p>\n\n\n\n<p>As\u00ed tambi\u00e9n, denunciaron que en el sitio y momento de los hechos estuvo presente la Guardia Nacional, sin que interviniera para evitar el da\u00f1o.<\/p>\n\n\n\n<p>Los habitantes de Ixtl\u00e1n destruyeron un invernadero, una galera e instalaciones donde se reproduc\u00edan lombrices; el sistema de riego y la instalaci\u00f3n que surte de agua a las oficinas; un techo donde elaboramos abonos org\u00e1nicos, cortaron y aplastaron \u00e1rboles frutales de manzana y durazno, as\u00ed como un jard\u00edn de plantas medicinales, detall\u00f3 la organizaci\u00f3n como parte del saldo preliminar.<\/p>\n","protected":false},"excerpt":{"rendered":"<p>Yuridiana Sosa\/Zona Roja. Oaxaca de Ju\u00e1rez, Oax.,15 de marzo de 2021.- A una semana de&hellip;<\/p>\n","protected":false},"author":2,"featured_media":24718,"comment_status":"closed","ping_status":"open","sticky":false,"template":"","format":"standard","meta":{"_lmt_disableupdate":"","_lmt_disable":"","_jetpack_memberships_contains_paid_content":false,"footnotes":""},"categories":[109,47],"tags":[2196,2523],"class_list":["post-24717","post","type-post","status-publish","format-standard","has-post-thumbnail","hentry","category-minuto-a-minuto","category-zona-gris","tag-ixtlan-de-juarez","tag-union-de-organizaciones-de-la-sierra-juarez-oaxaca-s-c-unosjo"],"jetpack_featured_media_url":"https:\/\/zonaroja.com.mx\/wp-content\/uploads\/2021\/03\/Unosjo-Ixtlan.jpg","jetpack_sharing_enabled":true,"_links":{"self":[{"href":"https:\/\/zonaroja.com.mx\/index.php?rest_route=\/wp\/v2\/posts\/24717","targetHints":{"allow":["GET"]}}],"collection":[{"href":"https:\/\/zonaroja.com.mx\/index.php?rest_route=\/wp\/v2\/posts"}],"about":[{"href":"https:\/\/zonaroja.com.mx\/index.php?rest_route=\/wp\/v2\/types\/post"}],"author":[{"embeddable":true,"href":"https:\/\/zonaroja.com.mx\/index.php?rest_route=\/wp\/v2\/users\/2"}],"replies":[{"embeddable":true,"href":"https:\/\/zonaroja.com.mx\/index.php?rest_route=%2Fwp%2Fv2%2Fcomments&post=24717"}],"version-history":[{"count":1,"href":"https:\/\/zonaroja.com.mx\/index.php?rest_route=\/wp\/v2\/posts\/24717\/revisions"}],"predecessor-version":[{"id":24719,"href":"https:\/\/zonaroja.com.mx\/index.php?rest_route=\/wp\/v2\/posts\/24717\/revisions\/24719"}],"wp:featuredmedia":[{"embeddable":true,"href":"https:\/\/zonaroja.com.mx\/index.php?rest_route=\/wp\/v2\/media\/24718"}],"wp:attachment":[{"href":"https:\/\/zonaroja.com.mx\/index.php?rest_route=%2Fwp%2Fv2%2Fmedia&parent=24717"}],"wp:term":[{"taxonomy":"category","embeddable":true,"href":"https:\/\/zonaroja.com.mx\/index.php?rest_route=%2Fwp%2Fv2%2Fcategories&post=24717"},{"taxonomy":"post_tag","embeddable":true,"href":"https:\/\/zonaroja.com.mx\/index.php?rest_route=%2Fwp%2Fv2%2Ftags&post=24717"}],"curies":[{"name":"wp","href":"https:\/\/api.w.org\/{rel}","templated":true}]}}