{"id":24723,"date":"2021-03-15T22:15:26","date_gmt":"2021-03-16T04:15:26","guid":{"rendered":"http:\/\/www.zonaroja.com.mx\/?p=24723"},"modified":"2021-03-15T22:15:30","modified_gmt":"2021-03-16T04:15:30","slug":"detienen-a-segundo-probable-homicida-de-tomas-martinez-del-fpr","status":"publish","type":"post","link":"https:\/\/zonaroja.com.mx\/?p=24723","title":{"rendered":"Detienen a segundo probable homicida de Tom\u00e1s Mart\u00ednez, del FPR"},"content":{"rendered":"\n<p>Redacci\u00f3n\/Zona Roja.<\/p>\n\n\n\n<p>Oaxaca de Ju\u00e1rez, Oax., 15 de marzo de 2021.- Un segundo probable implicado en el asesinato de Tom\u00e1s Mart\u00ednez Pinacho, quien fuera dirigente regional del Frente Popular Revolucionario (FPR), fue detenido este lunes.<\/p>\n\n\n\n<p>En un comunicado, la Fiscal\u00eda General del Estado de Oaxaca (FGEO), inform\u00f3 que logr\u00f3 aprehender y obtuvo prisi\u00f3n preventiva contra G. D. H. R., se\u00f1alado como segundo implicado en el homicidio.<\/p>\n\n\n\n<p>Detall\u00f3 que el imputado fue aprehendido por elementos de la Agencia Estatal de Investigaciones (AEI) en jurisdicci\u00f3n de Ejutla de Crespo y presentado de forma inmediata ante la autoridad judicial correspondiente, dando cumplimiento a la orden de aprehensi\u00f3n asentada en la causa penal 737\/2020.<\/p>\n\n\n\n<p>Expuso que los hechos se suscitaron el 24 de agosto de 2020, alrededor de las 18:10 horas, cuando sujetos \u2013entre ellos el probable responsable- agredieron con disparos de arma de fuego a Tom\u00e1s Mart\u00ednez., caus\u00e1ndole la muerte, e hiriendo al masculino R. G., en el interior de un negocio ubicado en el municipio de \u00c1nimas Trujano, al sur de la capital.<\/p>\n\n\n\n<p>Tras ello, expuso que en primera instancia logr\u00f3 identificar, aprehender y presentar a R. S. E. o R. S. E. ante el Juez de Control, quien determin\u00f3 vincularlo a proceso, como presunto responsable del crimen.<\/p>\n\n\n\n<p>En audiencia, el segundo probable implicado solicit\u00f3 la duplicidad del t\u00e9rmino constitucional, mismo que fenece el pr\u00f3ximo 18 de marzo de 2021, quedando en tanto en prisi\u00f3n preventiva.<\/p>\n","protected":false},"excerpt":{"rendered":"<p>Redacci\u00f3n\/Zona Roja. Oaxaca de Ju\u00e1rez, Oax., 15 de marzo de 2021.- Un segundo probable implicado&hellip;<\/p>\n","protected":false},"author":2,"featured_media":24724,"comment_status":"closed","ping_status":"open","sticky":false,"template":"","format":"standard","meta":{"_lmt_disableupdate":"","_lmt_disable":"","_jetpack_memberships_contains_paid_content":false,"footnotes":""},"categories":[109,47],"tags":[494,1954],"class_list":["post-24723","post","type-post","status-publish","format-standard","has-post-thumbnail","hentry","category-minuto-a-minuto","category-zona-gris","tag-fiscalia-general-del-estado-de-oaxaca","tag-tomas-martinez-pinacho"],"jetpack_featured_media_url":"https:\/\/zonaroja.com.mx\/wp-content\/uploads\/2021\/03\/Tomas-Martinez-Pinacho.jpg","jetpack_sharing_enabled":true,"_links":{"self":[{"href":"https:\/\/zonaroja.com.mx\/index.php?rest_route=\/wp\/v2\/posts\/24723","targetHints":{"allow":["GET"]}}],"collection":[{"href":"https:\/\/zonaroja.com.mx\/index.php?rest_route=\/wp\/v2\/posts"}],"about":[{"href":"https:\/\/zonaroja.com.mx\/index.php?rest_route=\/wp\/v2\/types\/post"}],"author":[{"embeddable":true,"href":"https:\/\/zonaroja.com.mx\/index.php?rest_route=\/wp\/v2\/users\/2"}],"replies":[{"embeddable":true,"href":"https:\/\/zonaroja.com.mx\/index.php?rest_route=%2Fwp%2Fv2%2Fcomments&post=24723"}],"version-history":[{"count":1,"href":"https:\/\/zonaroja.com.mx\/index.php?rest_route=\/wp\/v2\/posts\/24723\/revisions"}],"predecessor-version":[{"id":24725,"href":"https:\/\/zonaroja.com.mx\/index.php?rest_route=\/wp\/v2\/posts\/24723\/revisions\/24725"}],"wp:featuredmedia":[{"embeddable":true,"href":"https:\/\/zonaroja.com.mx\/index.php?rest_route=\/wp\/v2\/media\/24724"}],"wp:attachment":[{"href":"https:\/\/zonaroja.com.mx\/index.php?rest_route=%2Fwp%2Fv2%2Fmedia&parent=24723"}],"wp:term":[{"taxonomy":"category","embeddable":true,"href":"https:\/\/zonaroja.com.mx\/index.php?rest_route=%2Fwp%2Fv2%2Fcategories&post=24723"},{"taxonomy":"post_tag","embeddable":true,"href":"https:\/\/zonaroja.com.mx\/index.php?rest_route=%2Fwp%2Fv2%2Ftags&post=24723"}],"curies":[{"name":"wp","href":"https:\/\/api.w.org\/{rel}","templated":true}]}}