{"id":24727,"date":"2021-03-16T07:59:52","date_gmt":"2021-03-16T13:59:52","guid":{"rendered":"http:\/\/www.zonaroja.com.mx\/?p=24727"},"modified":"2021-03-16T08:00:06","modified_gmt":"2021-03-16T14:00:06","slug":"chocan-amlo-y-poder-judicial-por-suspension-de-juez-a-reforma-electrica","status":"publish","type":"post","link":"https:\/\/zonaroja.com.mx\/?p=24727","title":{"rendered":"Chocan AMLO y Poder Judicial por suspensi\u00f3n de juez a reforma el\u00e9ctrica"},"content":{"rendered":"\n<p>Redacci\u00f3n\/Zona Roja Cdmx.<\/p>\n\n\n\n<p>Ciudad de M\u00e9xico, 16 de marzo de 2021.- La \u201csuspensi\u00f3n temporal\u201d de la Ley de la Industria El\u00e9ctrica desat\u00f3 un nuevo roce, ahora entre los poderes Ejecutivo y Judicial, luego de que el presidente Andr\u00e9s Manuel L\u00f3pez Obrador acusara a un juez en funciones y a un ministro en retiro de tener un \u201cbur\u00f3 jur\u00eddico\u201d para oponerse a la transformaci\u00f3n del pa\u00eds.<\/p>\n\n\n\n<p>Las acusaciones fueron compiladas en una carta y enviadas al ministro presidente de la Suprema Corte de Justicia de la Naci\u00f3n, Arturo Zald\u00edvar, para pedirle una investigaci\u00f3n contra el juez Segundo de Distrito en Materia Administrativa, Juan Pablo G\u00f3mez Fierro.<\/p>\n\n\n\n<p>Cinco horas despu\u00e9s, desde el Poder Judicial se le respondi\u00f3 al titular del Ejecutivo, tambi\u00e9n en una carta, en la que se acept\u00f3 revisar la actuaci\u00f3n del juez. La queja ser\u00eda remitida al \u00e1rea correspondiente del Consejo de la Judicatura Federal para que, de existir elementos, se abra la investigaci\u00f3n que en su caso procediera.<\/p>\n\n\n\n<p>El 11 de marzo, tras la aprobaci\u00f3n de la reforma impulsada por el presidente L\u00f3pez Obrador, a solicitud de dos empresas privadas (Parque Solar Orejana y Eoliatec del Pac\u00edfico), se otorg\u00f3 una suspensi\u00f3n temporal ya que ser\u00eda afectada \u201cla competencia y el desarrollo del sector\u201d.<\/p>\n\n\n\n<p>Sin embargo, fue hasta ayer cuando el presidente L\u00f3pez Obrador decidi\u00f3 hacer p\u00fablica su queja contra el juez que habr\u00eda actuado \u201cde manera veloz\u201d. \u201cSe cumpli\u00f3, como pocas veces, que la justicia tiene que ser expedita\u201d, declar\u00f3.<\/p>\n\n\n\n<p>En la carta p\u00fablica, el Presidente acusa a la empresa espa\u00f1ola Iberdrola, a los expresidentes Felipe Calder\u00f3n y Carlos Salinas, al empresario Claudio X. Gonz\u00e1lez, as\u00ed como al ministro en retiro Jos\u00e9 Ram\u00f3n Coss\u00edo, por tener \u201cintereses corporativos\u201d y oponerse a las obras y proyectos gubernamentales.<\/p>\n\n\n\n<p>Los argumentos fueron suficientes como para pedirle al Consejo de la Judicatura una investigaci\u00f3n para esclarecer la actuaci\u00f3n del juez en este episodio y alert\u00f3 sobre lo que llam\u00f3 el \u201cmodus operandi de la corrupci\u00f3n y el influyentismo\u201d.<\/p>\n\n\n\n<p>RESPONDE SCJN<\/p>\n\n\n\n<p>En la respuesta Arturo Zald\u00edvar no mencion\u00f3 a Coss\u00edo de manera particular, pero record\u00f3 la independencia y autonom\u00eda con la que pueden actuar los juzgadores y juzgadoras; as\u00ed como la facultad que tiene el Consejo de la Judicatura para velar por que estas premisas se cumplan.<\/p>\n\n\n\n<p>\u201cComo usted sabe, es presupuesto de la democracia y del Estado de derecho que juezas y jueces puedan actuar en el marco de autonom\u00eda e independencia\u201d, escribi\u00f3 en su breve respuesta.<\/p>\n\n\n\n<p>Jos\u00e9 Ram\u00f3n Coss\u00edo, exministro de la Suprema Corte de Justicia de la Naci\u00f3n, se dijo preocupado por las declaraciones que hizo en su contra el presidente L\u00f3pez Obrador y consider\u00f3 que sus dichos est\u00e1n descontextualizados y son parciales.<\/p>\n\n\n\n<p>A trav\u00e9s de redes sociales, el ministro en retiro respondi\u00f3 a los dichos del Presidente en su conferencia. \u201cMe preocupan sus afirmaciones descontextualizadas y parciales sobre mi persona. Pero m\u00e1s a\u00fan su incomprensi\u00f3n del Estado de derecho. Los jueces son los garantes finales de la Constituci\u00f3n\u201d, se\u00f1al\u00f3 Coss\u00edo en Twitter.<\/p>\n\n\n\n<p>(Con informaci\u00f3n de \u201cEl Financiero\u201d)<\/p>\n","protected":false},"excerpt":{"rendered":"<p>Redacci\u00f3n\/Zona Roja Cdmx. Ciudad de M\u00e9xico, 16 de marzo de 2021.- La \u201csuspensi\u00f3n temporal\u201d de&hellip;<\/p>\n","protected":false},"author":2,"featured_media":24728,"comment_status":"closed","ping_status":"open","sticky":false,"template":"","format":"standard","meta":{"_lmt_disableupdate":"","_lmt_disable":"","_jetpack_memberships_contains_paid_content":false,"footnotes":""},"categories":[109,47],"tags":[143],"class_list":["post-24727","post","type-post","status-publish","format-standard","has-post-thumbnail","hentry","category-minuto-a-minuto","category-zona-gris","tag-andres-manuel-lopez-obrador"],"jetpack_featured_media_url":"https:\/\/zonaroja.com.mx\/wp-content\/uploads\/2021\/03\/Arturo-Zaldivar-y-AMLO.jpg","jetpack_sharing_enabled":true,"_links":{"self":[{"href":"https:\/\/zonaroja.com.mx\/index.php?rest_route=\/wp\/v2\/posts\/24727","targetHints":{"allow":["GET"]}}],"collection":[{"href":"https:\/\/zonaroja.com.mx\/index.php?rest_route=\/wp\/v2\/posts"}],"about":[{"href":"https:\/\/zonaroja.com.mx\/index.php?rest_route=\/wp\/v2\/types\/post"}],"author":[{"embeddable":true,"href":"https:\/\/zonaroja.com.mx\/index.php?rest_route=\/wp\/v2\/users\/2"}],"replies":[{"embeddable":true,"href":"https:\/\/zonaroja.com.mx\/index.php?rest_route=%2Fwp%2Fv2%2Fcomments&post=24727"}],"version-history":[{"count":1,"href":"https:\/\/zonaroja.com.mx\/index.php?rest_route=\/wp\/v2\/posts\/24727\/revisions"}],"predecessor-version":[{"id":24729,"href":"https:\/\/zonaroja.com.mx\/index.php?rest_route=\/wp\/v2\/posts\/24727\/revisions\/24729"}],"wp:featuredmedia":[{"embeddable":true,"href":"https:\/\/zonaroja.com.mx\/index.php?rest_route=\/wp\/v2\/media\/24728"}],"wp:attachment":[{"href":"https:\/\/zonaroja.com.mx\/index.php?rest_route=%2Fwp%2Fv2%2Fmedia&parent=24727"}],"wp:term":[{"taxonomy":"category","embeddable":true,"href":"https:\/\/zonaroja.com.mx\/index.php?rest_route=%2Fwp%2Fv2%2Fcategories&post=24727"},{"taxonomy":"post_tag","embeddable":true,"href":"https:\/\/zonaroja.com.mx\/index.php?rest_route=%2Fwp%2Fv2%2Ftags&post=24727"}],"curies":[{"name":"wp","href":"https:\/\/api.w.org\/{rel}","templated":true}]}}