{"id":24733,"date":"2021-03-16T08:16:04","date_gmt":"2021-03-16T14:16:04","guid":{"rendered":"http:\/\/www.zonaroja.com.mx\/?p=24733"},"modified":"2021-03-16T08:17:36","modified_gmt":"2021-03-16T14:17:36","slug":"despido-y-deterioro-de-condiciones-laborales-principales-afectaciones-del-gremio-periodistico","status":"publish","type":"post","link":"https:\/\/zonaroja.com.mx\/?p=24733","title":{"rendered":"Despido y deterioro de condiciones laborales, principales afectaciones al gremio period\u00edstico"},"content":{"rendered":"\n<p>Evlin Arag\u00f3n\/Zona Roja.<\/p>\n\n\n\n<p>Oaxaca de Ju\u00e1rez, Oax., 16 de marzo de 2021.- La p\u00e9rdida del empleo, dificultades log\u00edsticas para realizar su trabajo, aumento de las cargas de trabajo y el padecimiento de la propia enfermedad, han sido los principales problemas a los que se ha enfrentado el gremio period\u00edstico durante la pandemia por Covid-19.<\/p>\n\n\n\n<p>Lo anterior, de acuerdo con la Encuesta Nacional sobre Periodismo y Pandemia que se llev\u00f3 a cabo a finales del 2020, como parte del proyecto de capacitaci\u00f3n en periodismo de salud y emergencias sanitarias (CAPSES), subsidiado por la Universidad Iberoamericana.&nbsp;<\/p>\n\n\n\n<p>De acuerdo con los datos expuestos por Mireya M\u00e1rquez Ram\u00edrez, especialista en Estudio sobre Periodismo, de un total de 472 encuestas aplicadas, el 78 por ciento de las y los trabajadores de los medios de comunicaci\u00f3n dijo conocer a un colega que haya perdido su empleo durante la contingencia sanitaria.&nbsp;<\/p>\n\n\n\n<p>Mientras que un 75.6 por ciento asegur\u00f3 tener dificultades log\u00edsticas para realizar su trabajo, y un 70.6 por ciento tuvo un aumento significativo en su carga laboral durante la pandemia, siendo esto tres los principales problemas a los que se enfrentaron.&nbsp;<\/p>\n\n\n\n<p>El padecimiento de la enfermedad e incluso la muerte por Covid-19 la vivieron de cerca 66.3 por ciento de las personas entrevistadas; mientras que un 47.9 por ciento se enfrent\u00f3 al despido o recorte de personal en el medio para el que trabaja, y un 47.7 por ciento vio deterioradas sus condiciones laborales.&nbsp;<\/p>\n\n\n\n<p>\u201cTenemos 226 periodista que han enfrentado el despido o recorte de personal para el medio donde trabaja, casi la mitad de las personas que se entrevistaron; mientras que la otra mitad -225- vio deterioradas sus condiciones laborales\u201d, dijo la especialista.&nbsp;<\/p>\n\n\n\n<p>Aunque en menor cantidad, el gremio period\u00edstico en M\u00e9xico tambi\u00e9n se enfrent\u00f3 a la enfermedad o muerte de alg\u00fan familiar, a su propio contagio por el que tuvo que resguardarse en casa y la p\u00e9rdida de su empleo.<\/p>\n\n\n\n<p>El contagio de las y los periodistas se dio, principalmente, debido a que el 45.3 por ciento manifest\u00f3 tener que trasladarse presencialmente al medio o lugar de trabajo, mientras que el 34.1 por ciento tuvo que hacer coberturas en sitios que carecen de protocolos de sana distancia, higiene o seguridad.&nbsp;<\/p>\n\n\n\n<p>De ah\u00ed que el 75.9 de las y los encuestados, traducido en 358 personas, presenta angustia y temor a contagiarse; el 73.3 por ciento se ha sentido m\u00e1s estresado que de costumbre; y el 70.4 por ciento est\u00e1 preocupado por su situaci\u00f3n econ\u00f3mica y laboral, lo que tambi\u00e9n afecta su desempe\u00f1o y calidad de vida.&nbsp;&nbsp;<\/p>\n\n\n\n<p>Para la especialista, los datos anteriormente citados representan solo una muestra de la dif\u00edcil situaci\u00f3n a la que se enfrentan las y los periodistas en el pa\u00eds, quienes pese a desempe\u00f1ar una actividad fundamental e indispensable para la sociedad, en tiempos de pandemia, no reciben los cuidados que merecen.&nbsp;<\/p>\n\n\n\n<p>Los resultados de la encuesta fueron presentados en el marco del ciclo de conferencias \u201cUn a\u00f1o de explicar el Covid-19\u201d que forma parte de las actividades impulsada por la Asociaci\u00f3n de Periodistas de Oaxaca, con el respaldo de la Asociaci\u00f3n de Periodistas de Informaci\u00f3n Deportiva de Oaxaca, la Corporaci\u00f3n de Radio y Televisi\u00f3n, la 64 Legislatura del Estado, Radio Universidad de la UABJO, la Benem\u00e9rita Universidad de Oaxaca, entre otras.&nbsp;&nbsp;<\/p>\n","protected":false},"excerpt":{"rendered":"<p>Evlin Arag\u00f3n\/Zona Roja. Oaxaca de Ju\u00e1rez, Oax., 16 de marzo de 2021.- La p\u00e9rdida del&hellip;<\/p>\n","protected":false},"author":2,"featured_media":24734,"comment_status":"closed","ping_status":"open","sticky":false,"template":"","format":"standard","meta":{"_lmt_disableupdate":"","_lmt_disable":"","_jetpack_memberships_contains_paid_content":false,"footnotes":""},"categories":[109,46],"tags":[2525],"class_list":["post-24733","post","type-post","status-publish","format-standard","has-post-thumbnail","hentry","category-minuto-a-minuto","category-zona-blanca","tag-mireya-marquez-ramirez"],"jetpack_featured_media_url":"https:\/\/zonaroja.com.mx\/wp-content\/uploads\/2021\/03\/Mireya-Marquez-Ramirez.jpg","jetpack_sharing_enabled":true,"_links":{"self":[{"href":"https:\/\/zonaroja.com.mx\/index.php?rest_route=\/wp\/v2\/posts\/24733","targetHints":{"allow":["GET"]}}],"collection":[{"href":"https:\/\/zonaroja.com.mx\/index.php?rest_route=\/wp\/v2\/posts"}],"about":[{"href":"https:\/\/zonaroja.com.mx\/index.php?rest_route=\/wp\/v2\/types\/post"}],"author":[{"embeddable":true,"href":"https:\/\/zonaroja.com.mx\/index.php?rest_route=\/wp\/v2\/users\/2"}],"replies":[{"embeddable":true,"href":"https:\/\/zonaroja.com.mx\/index.php?rest_route=%2Fwp%2Fv2%2Fcomments&post=24733"}],"version-history":[{"count":2,"href":"https:\/\/zonaroja.com.mx\/index.php?rest_route=\/wp\/v2\/posts\/24733\/revisions"}],"predecessor-version":[{"id":24736,"href":"https:\/\/zonaroja.com.mx\/index.php?rest_route=\/wp\/v2\/posts\/24733\/revisions\/24736"}],"wp:featuredmedia":[{"embeddable":true,"href":"https:\/\/zonaroja.com.mx\/index.php?rest_route=\/wp\/v2\/media\/24734"}],"wp:attachment":[{"href":"https:\/\/zonaroja.com.mx\/index.php?rest_route=%2Fwp%2Fv2%2Fmedia&parent=24733"}],"wp:term":[{"taxonomy":"category","embeddable":true,"href":"https:\/\/zonaroja.com.mx\/index.php?rest_route=%2Fwp%2Fv2%2Fcategories&post=24733"},{"taxonomy":"post_tag","embeddable":true,"href":"https:\/\/zonaroja.com.mx\/index.php?rest_route=%2Fwp%2Fv2%2Ftags&post=24733"}],"curies":[{"name":"wp","href":"https:\/\/api.w.org\/{rel}","templated":true}]}}