{"id":24737,"date":"2021-03-16T08:31:40","date_gmt":"2021-03-16T14:31:40","guid":{"rendered":"http:\/\/www.zonaroja.com.mx\/?p=24737"},"modified":"2021-03-16T08:31:43","modified_gmt":"2021-03-16T14:31:43","slug":"devora-incendio-medio-centenar-de-puestos-en-mercado-de-juchitan","status":"publish","type":"post","link":"https:\/\/zonaroja.com.mx\/?p=24737","title":{"rendered":"Devora incendio medio centenar de puestos en mercado de Juchit\u00e1n"},"content":{"rendered":"\n<p>Redacci\u00f3n\/Zona Roja.<\/p>\n\n\n\n<p>Oaxaca de Ju\u00e1rez, Oax., 16 de marzo de 2021.- Al menos 50 locales da\u00f1ados, es el saldo preliminar de un incendio registrado la madrugada de hoy en el mercado municipal de Juchit\u00e1n de Zaragoza, Oaxaca.<\/p>\n\n\n\n<p>La conflagraci\u00f3n inici\u00f3 alrededor de las 04:00 horas presuntamente derivado de un corto circuito y se extendi\u00f3 r\u00e1pidamente a la parte alta del centro comercial popular ubicado en la calle 2 de Abril, esquina Ju\u00e1rez, en el centro de ese municipio istme\u00f1o.<\/p>\n\n\n\n<figure class=\"wp-block-embed-twitter wp-block-embed is-type-rich is-provider-twitter\"><div class=\"wp-block-embed__wrapper\">\n<div class=\"twitter-tweet\"><blockquote class=\"twitter-tweet\" data-lang=\"es\"><p lang=\"es\" dir=\"ltr\"><a href=\"https:\/\/twitter.com\/hashtag\/%C3%9AltimoMinuto?src=hash&amp;ref_src=twsrc%5Etfw\">#\u00daltimoMinuto<\/a> <br>Un voraz incendio se registra desde la madrugada de hoy en el mercado principal de <a href=\"https:\/\/twitter.com\/hashtag\/Juchit%C3%A1n?src=hash&amp;ref_src=twsrc%5Etfw\">#Juchit\u00e1n<\/a> de Zaragoza, <a href=\"https:\/\/twitter.com\/hashtag\/Oaxaca?src=hash&amp;ref_src=twsrc%5Etfw\">#Oaxaca<\/a>; reportan cuantiosos da\u00f1os materiales y que es combatido por bomberos y protecci\u00f3n civil. <a href=\"https:\/\/t.co\/GNUuDgOmxn\">pic.twitter.com\/GNUuDgOmxn<\/a><\/p>&mdash; Zona Roja Oaxaca (@Zona_Roja_Oax) <a href=\"https:\/\/twitter.com\/Zona_Roja_Oax\/status\/1371817521020559363?ref_src=twsrc%5Etfw\">16 de marzo de 2021<\/a><\/blockquote><\/div>\n<\/div><\/figure>\n\n\n\n<p>Poco despu\u00e9s de las 06:00 horas fue controlada la conflagraci\u00f3n, con la participaci\u00f3n de elementos del Heroico Cuerpo de Bomberos, Ej\u00e9rcito Mexicano, polic\u00edas, entre otros.<\/p>\n\n\n\n<p>En una entrevista en el noticiario de Radio ORO, el director de Bomberos, Manuel Maza S\u00e1nchez, lament\u00f3 que a pesar de que se pidi\u00f3 de inmediato a la Comisi\u00f3n Federal de Electricidad cortara el suministro de energ\u00eda el\u00e9ctrica, no fue sino hasta las 05:50 en que lleg\u00f3 personal de ese organismo.<\/p>\n\n\n\n<p>Tras ello se pudo controlar y sofocar en su totalidad el siniestro y esta ma\u00f1ana contin\u00faa el retiro de escombros. Las autoridades estatales y municipales descartan lesionados y v\u00edctimas humanas; hasta el momento no hay un saldo definitivo de los da\u00f1os.<\/p>\n","protected":false},"excerpt":{"rendered":"<p>Redacci\u00f3n\/Zona Roja. Oaxaca de Ju\u00e1rez, Oax., 16 de marzo de 2021.- Al menos 50 locales&hellip;<\/p>\n","protected":false},"author":2,"featured_media":24738,"comment_status":"closed","ping_status":"open","sticky":false,"template":"","format":"standard","meta":{"_lmt_disableupdate":"","_lmt_disable":"","_jetpack_memberships_contains_paid_content":false,"footnotes":""},"categories":[109,47],"tags":[123],"class_list":["post-24737","post","type-post","status-publish","format-standard","has-post-thumbnail","hentry","category-minuto-a-minuto","category-zona-gris","tag-juchitan-de-zaragoza"],"jetpack_featured_media_url":"https:\/\/zonaroja.com.mx\/wp-content\/uploads\/2021\/03\/Mercado-de-Juchitan.jpg","jetpack_sharing_enabled":true,"_links":{"self":[{"href":"https:\/\/zonaroja.com.mx\/index.php?rest_route=\/wp\/v2\/posts\/24737","targetHints":{"allow":["GET"]}}],"collection":[{"href":"https:\/\/zonaroja.com.mx\/index.php?rest_route=\/wp\/v2\/posts"}],"about":[{"href":"https:\/\/zonaroja.com.mx\/index.php?rest_route=\/wp\/v2\/types\/post"}],"author":[{"embeddable":true,"href":"https:\/\/zonaroja.com.mx\/index.php?rest_route=\/wp\/v2\/users\/2"}],"replies":[{"embeddable":true,"href":"https:\/\/zonaroja.com.mx\/index.php?rest_route=%2Fwp%2Fv2%2Fcomments&post=24737"}],"version-history":[{"count":1,"href":"https:\/\/zonaroja.com.mx\/index.php?rest_route=\/wp\/v2\/posts\/24737\/revisions"}],"predecessor-version":[{"id":24739,"href":"https:\/\/zonaroja.com.mx\/index.php?rest_route=\/wp\/v2\/posts\/24737\/revisions\/24739"}],"wp:featuredmedia":[{"embeddable":true,"href":"https:\/\/zonaroja.com.mx\/index.php?rest_route=\/wp\/v2\/media\/24738"}],"wp:attachment":[{"href":"https:\/\/zonaroja.com.mx\/index.php?rest_route=%2Fwp%2Fv2%2Fmedia&parent=24737"}],"wp:term":[{"taxonomy":"category","embeddable":true,"href":"https:\/\/zonaroja.com.mx\/index.php?rest_route=%2Fwp%2Fv2%2Fcategories&post=24737"},{"taxonomy":"post_tag","embeddable":true,"href":"https:\/\/zonaroja.com.mx\/index.php?rest_route=%2Fwp%2Fv2%2Ftags&post=24737"}],"curies":[{"name":"wp","href":"https:\/\/api.w.org\/{rel}","templated":true}]}}