{"id":24741,"date":"2021-03-16T14:05:38","date_gmt":"2021-03-16T20:05:38","guid":{"rendered":"https:\/\/www.zonaroja.com.mx\/?p=24741"},"modified":"2021-03-16T14:06:09","modified_gmt":"2021-03-16T20:06:09","slug":"24741","status":"publish","type":"post","link":"https:\/\/zonaroja.com.mx\/?p=24741","title":{"rendered":"A SSO de M\u00e1rquez Heine le estall\u00f3 otro conflicto; ahora es personal en comunidades marginadas que exige contrato"},"content":{"rendered":"\n<p class=\"MsoNormal\">Yuridiana Sosa\/Zona Roja. <\/p>\n\n\n\n<p class=\"MsoNormal\">Oaxaca de Ju\u00e1rez, Oax., 16 de marzo de 2021.- Los Servicios de Salud de Oaxaca (SSO) con Juan Carlos M\u00e1rquez Heine al frente, acumulan problemas por presuntas violaciones laborales al personal, quienes han trabajado sin sueldo, con promesa de contratos, mientras que otros m\u00e1s no obtienen respuestas sobre su situaci\u00f3n laboral.<\/p>\n\n\n\n<p class=\"MsoNormal\"><a href=\"\/\/1\">Este martes<\/a>, integrantes del programa U013 \u201cAtenci\u00f3n a la salud y medicamentos gratuitos para la poblaci\u00f3n sin seguridad social laboral\u201d, denunciaron que desde el inicio de a\u00f1o la Secretar\u00eda de Salud de Oaxaca ha incumplido con la recontrataci\u00f3n de personal de esta \u00e1rea.<\/p>\n\n\n\n<p class=\"MsoNormal\">Los afectados, m\u00e9dicos, enfermeras, psic\u00f3logos y nutri\u00f3logos, indicaron que los SSO se justifican en que el gobierno federal no ha enviado la orden para las contrataciones, pues el \u00faltimo contrato culmin\u00f3&nbsp;<a href=\"\/\/2\">el 31 de diciembre<\/a>.<\/p>\n\n\n\n<p class=\"MsoNormal\">Sin embargo, algunos integrantes del programa que atiende especialmente a las comunidades m\u00e1s marginadas del estado, laboraron sin retribuci\u00f3n econ\u00f3mica durante los meses de enero y febrero, con la falsa promesa que para el mes de marzo se concretar\u00eda la contrataci\u00f3n.<\/p>\n\n\n\n<p><div class=\"twitter-tweet\"><blockquote class=\"twitter-tweet\" data-lang=\"es\"><p lang=\"es\" dir=\"ltr\"><a href=\"https:\/\/twitter.com\/hashtag\/ENVIVO?src=hash&amp;ref_src=twsrc%5Etfw\">#ENVIVO<\/a><br>Oaxaca de Ju\u00e1rez, Oax., 16 de marzo de 2021.- Conferencia de prensa de prensa de profesionales de la salud, integrantes del programa U013. Acusan desatenci\u00f3n del titular de <a href=\"https:\/\/twitter.com\/SSO_GobOax?ref_src=twsrc%5Etfw\">@SSO_GobOax<\/a>, <a href=\"https:\/\/twitter.com\/JC_MarquezH?ref_src=twsrc%5Etfw\">@JC_MarquezH<\/a>, para la recontrataci\u00f3n <br>Transmisi\u00f3n aqu\u00ed:<br>\ud83d\udc47<a href=\"https:\/\/t.co\/vwSaGPuxq6\">https:\/\/t.co\/vwSaGPuxq6<\/a> <a href=\"https:\/\/t.co\/9QcJrQv21j\">pic.twitter.com\/9QcJrQv21j<\/a><\/p>&mdash; Zona Roja Oaxaca (@Zona_Roja_Oax) <a href=\"https:\/\/twitter.com\/Zona_Roja_Oax\/status\/1371878026749820934?ref_src=twsrc%5Etfw\">16 de marzo de 2021<\/a><\/blockquote><\/div><\/p>\n\n\n\n<p class=\"MsoNormal\">El personal profesional exigi\u00f3 al gobernador Alejandro Murat su intervenci\u00f3n para proteger la vida laboral de quienes por varios a\u00f1os han trabajado para este programa federal de apoyo a la salud del estado, a\u00fan sin seguridad social y en la contingencia como personal de primera atenci\u00f3n.&nbsp;<\/p>\n\n\n\n<p class=\"MsoNormal\">\u201cAl actual secretario de salud, Dr. Juan Carlos M\u00e1rquez Heine, poco le interese atender esta problem\u00e1tica, pues es de la \u00e9lite mexiquense que s\u00f3lo ha venido a saquear los bienes de nuestro estado y desconoce por lo tanto la dura situaci\u00f3n que nuestros pueblos viven\u201d, manifestaron.<\/p>\n\n\n\n<p class=\"MsoNormal\">En su mensaje al mandatario estatal, se\u00f1alaron la desconfianza que les genera el titular de Salud, por ser se\u00f1alado de actos de corrupci\u00f3n, as\u00ed como reprocharon el nombramiento de Ricardo P\u00e1ez L\u00f3pez, como director de Administraci\u00f3n, porque no cuenta con t\u00edtulo ni experiencia para atender esa \u00e1rea. <\/p>\n","protected":false},"excerpt":{"rendered":"<p>Yuridiana Sosa\/Zona Roja. Oaxaca de Ju\u00e1rez, Oax., 16 de marzo de 2021.- Los Servicios de&hellip;<\/p>\n","protected":false},"author":2,"featured_media":24740,"comment_status":"closed","ping_status":"open","sticky":false,"template":"","format":"standard","meta":{"_lmt_disableupdate":"","_lmt_disable":"","_jetpack_memberships_contains_paid_content":false,"footnotes":""},"categories":[109,47],"tags":[1005],"class_list":["post-24741","post","type-post","status-publish","format-standard","has-post-thumbnail","hentry","category-minuto-a-minuto","category-zona-gris","tag-servicios-de-salud-de-oaxaca-sso"],"jetpack_featured_media_url":"https:\/\/zonaroja.com.mx\/wp-content\/uploads\/2021\/03\/3cb2609e-8f04-452a-b0e4-27a34b93f181.jpg","jetpack_sharing_enabled":true,"_links":{"self":[{"href":"https:\/\/zonaroja.com.mx\/index.php?rest_route=\/wp\/v2\/posts\/24741","targetHints":{"allow":["GET"]}}],"collection":[{"href":"https:\/\/zonaroja.com.mx\/index.php?rest_route=\/wp\/v2\/posts"}],"about":[{"href":"https:\/\/zonaroja.com.mx\/index.php?rest_route=\/wp\/v2\/types\/post"}],"author":[{"embeddable":true,"href":"https:\/\/zonaroja.com.mx\/index.php?rest_route=\/wp\/v2\/users\/2"}],"replies":[{"embeddable":true,"href":"https:\/\/zonaroja.com.mx\/index.php?rest_route=%2Fwp%2Fv2%2Fcomments&post=24741"}],"version-history":[{"count":2,"href":"https:\/\/zonaroja.com.mx\/index.php?rest_route=\/wp\/v2\/posts\/24741\/revisions"}],"predecessor-version":[{"id":24743,"href":"https:\/\/zonaroja.com.mx\/index.php?rest_route=\/wp\/v2\/posts\/24741\/revisions\/24743"}],"wp:featuredmedia":[{"embeddable":true,"href":"https:\/\/zonaroja.com.mx\/index.php?rest_route=\/wp\/v2\/media\/24740"}],"wp:attachment":[{"href":"https:\/\/zonaroja.com.mx\/index.php?rest_route=%2Fwp%2Fv2%2Fmedia&parent=24741"}],"wp:term":[{"taxonomy":"category","embeddable":true,"href":"https:\/\/zonaroja.com.mx\/index.php?rest_route=%2Fwp%2Fv2%2Fcategories&post=24741"},{"taxonomy":"post_tag","embeddable":true,"href":"https:\/\/zonaroja.com.mx\/index.php?rest_route=%2Fwp%2Fv2%2Ftags&post=24741"}],"curies":[{"name":"wp","href":"https:\/\/api.w.org\/{rel}","templated":true}]}}