{"id":24744,"date":"2021-03-16T15:47:20","date_gmt":"2021-03-16T21:47:20","guid":{"rendered":"http:\/\/www.zonaroja.com.mx\/?p=24744"},"modified":"2021-03-16T15:47:25","modified_gmt":"2021-03-16T21:47:25","slug":"martes-de-caos-y-de-ingobernabilidad-sitian-por-ocho-horas-la-capital","status":"publish","type":"post","link":"https:\/\/zonaroja.com.mx\/?p=24744","title":{"rendered":"Martes de caos y de ingobernabilidad; sitian por ocho horas la capital"},"content":{"rendered":"\n<p>Evlin Arag\u00f3n\/Zona Roja.<\/p>\n\n\n\n<p>Oaxaca de Ju\u00e1rez, Oax., 16 de marzo de 2021.- Por en\u00e9sima ocasi\u00f3n, Oaxaca vive un d\u00eda de caos e ingobernabilidad, debido a m\u00faltiples protestas.<\/p>\n\n\n\n<p>Desde muy temprana hora, las principales vialidades de la ciudad y de la zona conurbada presentaron complicaciones debido a las diversas movilizaciones que se registraron este martes, sin que la autoridad hiciera presencia para atender las demandas sociales.&nbsp;<\/p>\n\n\n\n<p>Integrantes del Frente Popular Revolucionario (FPR) reactivaron su jornada de lucha \u201cPor salud, pan, trabajo y justicia en Oaxaca\u201d, por medio de la cual exigieron la reinstalaci\u00f3n de la mesa de dialogo con el gobierno federal a fin de obtener justicia para su dirigente Tom\u00e1s Mart\u00ednez Pinacho.<\/p>\n\n\n\n<p>Por ello, instalaron bloqueos en la v\u00eda federal 190, a la altura del crucero de la antigua sede del IEEPO; en la fuente de las Ocho Regiones; en la avenida Ju\u00e1rez frente a la Casa Oficial, por citar algunos puntos, que cerraron de las 07:00 a las 15:00 horas.<\/p>\n\n\n\n<figure class=\"wp-block-embed-twitter wp-block-embed is-type-rich is-provider-twitter\"><div class=\"wp-block-embed__wrapper\">\n<div class=\"twitter-tweet\"><blockquote class=\"twitter-tweet\" data-lang=\"es\"><p lang=\"es\" dir=\"ltr\"><a href=\"https:\/\/twitter.com\/hashtag\/ENVIVO?src=hash&amp;ref_src=twsrc%5Etfw\">#ENVIVO<\/a> <br>Santa Luc\u00eda del Camino, Oax., 16 de marzo de 2021.- Conferencia de prensa del Frente Popular Revolucionario (FPR), al iniciar una jornada de protestas en la capital oaxaque\u00f1a y zona conurbada. <br>Aqu\u00ed la transmisi\u00f3n: <br>\ud83d\udc47<a href=\"https:\/\/t.co\/PHq5LF0JtR\">https:\/\/t.co\/PHq5LF0JtR<\/a> <a href=\"https:\/\/t.co\/F1BHx7SCH3\">pic.twitter.com\/F1BHx7SCH3<\/a><\/p>&mdash; Zona Roja Oaxaca (@Zona_Roja_Oax) <a href=\"https:\/\/twitter.com\/Zona_Roja_Oax\/status\/1371854905837821966?ref_src=twsrc%5Etfw\">16 de marzo de 2021<\/a><\/blockquote><\/div>\n<\/div><\/figure>\n\n\n\n<p>Macario Otalo Padilla, dirigente de la organizaci\u00f3n, asegur\u00f3 que el gobierno de Oaxaca, encabezado por Alejandro Murat Hinojosa, mantiene una pol\u00edtica de doble discurso en contra de la protesta social, ya que mientras llama al di\u00e1logo al FPR mandan a la Guardia Nacional a Huatulco en contra de manifestantes.&nbsp;<\/p>\n\n\n\n<p>Record\u00f3 que seis de los 14 activistas asesinados en M\u00e9xico durante el 2020, eran originarios de Oaxaca, incluido Tom\u00e1s Mart\u00ednez, para quien piden justicia, pese a la reciente detenci\u00f3n de otra persona involucrada en el crimen.<\/p>\n\n\n\n<p>SEGUNDA APREHENSI\u00d3N<\/p>\n\n\n\n<p>\u201cLa reciente detenci\u00f3n no significa que haya justicia para nuestro compa\u00f1ero. Hemos visto como muchas veces delincuentes libran la c\u00e1rcel por carpetas de investigaci\u00f3n sin elementos contundentes y jueces corruptos\u201d, dijo.&nbsp;<\/p>\n\n\n\n<p>A las movilizaciones del d\u00eda se unieron la Uni\u00f3n de Artesanos y Comerciantes Oaxaque\u00f1os en Lucha (UACOL) quienes tambi\u00e9n marcharon por las principales calles de la ciudad y arribaron al Palacio Municipal para exigir atenci\u00f3n a sus demandas por parte de la autoridad.<\/p>\n\n\n\n<p>Mientras que habitantes de San Jer\u00f3nimo Sosola arribaron a las instalaciones del Instituto Nacional de lo Pueblos Ind\u00edgenas (INPI) para denunciar que el edil de la localidad, El\u00ed Mart\u00ednez L\u00f3pez, ha hecho mal uso del programa denominado Pavimentaci\u00f3n de Concreto Hidr\u00e1ulico a Cabeceras Municipales.<\/p>\n\n\n\n<p>Por lo anterior pidieron la intervenci\u00f3n del titular de la instancia federal, Adelfo Regino Montes, ya que la obra beneficiar\u00eda a las comunidades de San Jos\u00e9 Sosola, San Juan Sosola, Minas de Llano Verde y El Progreso, sin embargo, el edil modific\u00f3 el proyecto desviando el camino para que la obra pase por su casa, en la agencia Ojo de Agua.<\/p>\n\n\n\n<figure class=\"wp-block-embed-twitter wp-block-embed is-type-rich is-provider-twitter\"><div class=\"wp-block-embed__wrapper\">\n<div class=\"twitter-tweet\"><blockquote class=\"twitter-tweet\" data-lang=\"es\"><p lang=\"es\" dir=\"ltr\"><a href=\"https:\/\/twitter.com\/hashtag\/%C3%9AltimoMinuto?src=hash&amp;ref_src=twsrc%5Etfw\">#\u00daltimoMinuto<\/a> <br>Luego de un bloqueo a la calzada H\u00e9roes de Chapultepec con avenida Ju\u00e1rez, uno de los contingentes del <a href=\"https:\/\/twitter.com\/FPR_OAXACA?ref_src=twsrc%5Etfw\">@FPR_OAXACA<\/a> se concentra en la Casa Oficial del gobierno de Oaxaca. <br>A dos horas de inicio de m\u00faltiples protestas, la <a href=\"https:\/\/twitter.com\/SEGEGO_GobOax?ref_src=twsrc%5Etfw\">@SEGEGO_GobOax<\/a> ausente. <a href=\"https:\/\/t.co\/XxDWeBrTnR\">pic.twitter.com\/XxDWeBrTnR<\/a><\/p>&mdash; Zona Roja Oaxaca (@Zona_Roja_Oax) <a href=\"https:\/\/twitter.com\/Zona_Roja_Oax\/status\/1371840354010402823?ref_src=twsrc%5Etfw\">16 de marzo de 2021<\/a><\/blockquote><\/div>\n<\/div><\/figure>\n\n\n\n<p>\u201cAuditoria para el presidente de San Jer\u00f3nimo Sosola. AMLO no m\u00e1s corrupci\u00f3n\u201d, \u201cLos comuneros somos los due\u00f1os de las tierras no el presidente El\u00ed corrupto que no mira ni escucha al pueblo, s\u00f3lo busca beneficio personal\u201d, refieren las pancartas instaladas en el lugar.&nbsp;<\/p>\n\n\n\n<p>TAMBI\u00c9N CIUDAD ADMINISTRATIVA<\/p>\n\n\n\n<p>Despu\u00e9s del mediod\u00eda, habitantes de la agencia municipal de Santa Martha, perteneciente al municipio de San Baltazar Loxicha, arribaron a las instalaciones de Ciudad Administrativa, donde bloquearon ambos accesos para despu\u00e9s ingresar una comisi\u00f3n con las autoridades de gobierno a quienes exigen la renuncia de Carlos Felipe, comisionado de Flavio Sosa en la localidad.&nbsp;<\/p>\n\n\n\n<p>\u201cExigimos la renuncia de Carlos Felipe, comisionado de Flavio Sosa en San Baltazar Loxicha\u201d, \u201cNo pedimos limosna, exigimos nuestros recursos p\u00fablicos\u201d, se pod\u00eda leer en sus pancartas.&nbsp;<\/p>\n\n\n\n<p>A la jornada de movilizaciones se sum\u00f3 la Uni\u00f3n de Artesanos y Comerciantes en Lucha (UACOL), que bloquearon tambi\u00e9n la fuente de las Ocho Regiones y despu\u00e9s marcharon hacia el centro de la capital, para plantear sus demandas al ayuntamiento de la ciudad de Oaxaca.<\/p>\n\n\n\n<p>Finalmente, en la capital y al interior del estado, personal afiliado a la Secci\u00f3n 35 del Sindicato Nacional de la Secretar\u00eda de Salud se manifest\u00f3 de forma generalizada ante incapacidad de los Servicios de Salud por atender vacunaci\u00f3n al personal sanitario.<\/p>\n\n\n\n<p>La actividad se suma al paro laboral que iniciaron el pasado viernes, en demanda de cinco mil dosis de la vacuna contra la Covid-19, a fin de inmunizar a quienes se encuentran en la primera l\u00ednea de combate a la pandemia.&nbsp;<\/p>\n\n\n\n<p>Debido a la falta de vacunas piden la renuncia de Nancy Ortiz, delegada de los programas de Bienestar en la entidad.\u00a0\u00a0<\/p>\n\n\n\n<figure class=\"wp-block-embed-twitter wp-block-embed is-type-rich is-provider-twitter\"><div class=\"wp-block-embed__wrapper\">\n<div class=\"twitter-tweet\"><blockquote class=\"twitter-tweet\" data-lang=\"es\"><p lang=\"es\" dir=\"ltr\"><a href=\"https:\/\/twitter.com\/hashtag\/ENVIVO?src=hash&amp;ref_src=twsrc%5Etfw\">#ENVIVO<\/a> <br>Santa Luc\u00eda del Camino, Oax., 16 de marzo de 2021. Bloqueo del Frente Popular Revolucionario (FPR) en la v\u00eda federal 190, crucero de antigua sede del IEEPO; prev\u00e9 protestas en las oficinas de la delegaci\u00f3n de programas Bienestar. <br>Transmisi\u00f3n:<br>\ud83d\udc47<a href=\"https:\/\/t.co\/pSk9dO9yEY\">https:\/\/t.co\/pSk9dO9yEY<\/a> <a href=\"https:\/\/t.co\/KIL5e9S0gS\">pic.twitter.com\/KIL5e9S0gS<\/a><\/p>&mdash; Zona Roja Oaxaca (@Zona_Roja_Oax) <a href=\"https:\/\/twitter.com\/Zona_Roja_Oax\/status\/1371814179200503808?ref_src=twsrc%5Etfw\">16 de marzo de 2021<\/a><\/blockquote><\/div>\n<\/div><\/figure>\n","protected":false},"excerpt":{"rendered":"<p>Evlin Arag\u00f3n\/Zona Roja. Oaxaca de Ju\u00e1rez, Oax., 16 de marzo de 2021.- Por en\u00e9sima ocasi\u00f3n,&hellip;<\/p>\n","protected":false},"author":2,"featured_media":24745,"comment_status":"closed","ping_status":"open","sticky":false,"template":"","format":"standard","meta":{"_lmt_disableupdate":"","_lmt_disable":"","_jetpack_memberships_contains_paid_content":false,"footnotes":""},"categories":[109,47],"tags":[2254],"class_list":["post-24744","post","type-post","status-publish","format-standard","has-post-thumbnail","hentry","category-minuto-a-minuto","category-zona-gris","tag-protestas-y-bloqueos-oaxaca"],"jetpack_featured_media_url":"https:\/\/zonaroja.com.mx\/wp-content\/uploads\/2021\/03\/Bloqueos-ciudad-de-Oaxaca-FPR.jpg","jetpack_sharing_enabled":true,"_links":{"self":[{"href":"https:\/\/zonaroja.com.mx\/index.php?rest_route=\/wp\/v2\/posts\/24744","targetHints":{"allow":["GET"]}}],"collection":[{"href":"https:\/\/zonaroja.com.mx\/index.php?rest_route=\/wp\/v2\/posts"}],"about":[{"href":"https:\/\/zonaroja.com.mx\/index.php?rest_route=\/wp\/v2\/types\/post"}],"author":[{"embeddable":true,"href":"https:\/\/zonaroja.com.mx\/index.php?rest_route=\/wp\/v2\/users\/2"}],"replies":[{"embeddable":true,"href":"https:\/\/zonaroja.com.mx\/index.php?rest_route=%2Fwp%2Fv2%2Fcomments&post=24744"}],"version-history":[{"count":1,"href":"https:\/\/zonaroja.com.mx\/index.php?rest_route=\/wp\/v2\/posts\/24744\/revisions"}],"predecessor-version":[{"id":24746,"href":"https:\/\/zonaroja.com.mx\/index.php?rest_route=\/wp\/v2\/posts\/24744\/revisions\/24746"}],"wp:featuredmedia":[{"embeddable":true,"href":"https:\/\/zonaroja.com.mx\/index.php?rest_route=\/wp\/v2\/media\/24745"}],"wp:attachment":[{"href":"https:\/\/zonaroja.com.mx\/index.php?rest_route=%2Fwp%2Fv2%2Fmedia&parent=24744"}],"wp:term":[{"taxonomy":"category","embeddable":true,"href":"https:\/\/zonaroja.com.mx\/index.php?rest_route=%2Fwp%2Fv2%2Fcategories&post=24744"},{"taxonomy":"post_tag","embeddable":true,"href":"https:\/\/zonaroja.com.mx\/index.php?rest_route=%2Fwp%2Fv2%2Ftags&post=24744"}],"curies":[{"name":"wp","href":"https:\/\/api.w.org\/{rel}","templated":true}]}}