{"id":24747,"date":"2021-03-16T16:36:13","date_gmt":"2021-03-16T22:36:13","guid":{"rendered":"http:\/\/www.zonaroja.com.mx\/?p=24747"},"modified":"2021-03-16T16:36:18","modified_gmt":"2021-03-16T22:36:18","slug":"aspiran-15-a-presidir-la-fiscalia-general-entre-ellos-arturo-peimbert","status":"publish","type":"post","link":"https:\/\/zonaroja.com.mx\/?p=24747","title":{"rendered":"Aspiran 15 a presidir la Fiscal\u00eda General, entre ellos Arturo Peimbert"},"content":{"rendered":"\n<p>Ismael Garc\u00eda M.\/Zona Roja.<\/p>\n\n\n\n<p>Oaxaca de Ju\u00e1rez, Oax., 16 de marzo de 2021.- Quince profesionistas respondieron a la convocatoria del Congreso local y se inscribieron hoy como aspirantes a dirigir la Fiscal\u00eda General del Estado de Oaxaca, tras la renuncia voluntaria de Rub\u00e9n Vasconcelos M\u00e9ndez, el pasado viernes 5 de marzo.<\/p>\n\n\n\n<p>Al cierre de la recepci\u00f3n de documentos, se registraron Jos\u00e9 Carlos Cervantes Azcona, Mar\u00eda Luisa Andrea M\u00e9ndez S\u00e1nchez, Francisco Eleazar Velasco Aguilar, Abram L\u00f3pez P\u00e9rez y Eduardo de Jes\u00fas Castellanos Hern\u00e1ndez.<\/p>\n\n\n\n<p>Tambi\u00e9n, Marcos Antonio Mart\u00ednez Guzm\u00e1n, Luis Enrique Ruiz Flores, Elvira Morales P\u00e9rez, Marco Antonio Guzm\u00e1n Antonio y Francisco Jos\u00e9 Mu\u00f1ozcano Skidmore.<\/p>\n\n\n\n<p>Asimismo, Rosa Mar\u00eda D\u00edaz Labastida, Rodolfo Ricardo L\u00f3pez Gandarillas, Arturo de Jes\u00fas Peimbert Calvo, Edgardo Antonio Higareda Cer\u00f3n y Julio Jim\u00e9nez Garc\u00eda.<\/p>\n\n\n\n<p>Integrantes de la Comisi\u00f3n Permanente de Administraci\u00f3n y Procuraci\u00f3n de Justicia de la 64 Legislatura, que preside la diputada Elisa Zepeda Lagunas, recibieron los documentos de cada uno de los aspirantes.<\/p>\n\n\n\n<p>Uno de ellos, Arturo Peimbert, ex titular de la Defensor\u00eda de los Derechos Humanos del Pueblo de Oaxaca, habl\u00f3 de su aspiraci\u00f3n y su propuesta, en caso de lograr el cargo:<\/p>\n\n\n\n<p>\u201cSoy un aspirante m\u00e1s para dirigir las encomiendas y trabajos que marca la Constituci\u00f3n Pol\u00edtica del Estado en t\u00e9rminos de procuraci\u00f3n de justicia. La vocaci\u00f3n que tenemos para este cargo es la de proveer justicia; la necesidad que tiene Oaxaca que se le provea justicia.<\/p>\n\n\n\n<figure class=\"wp-block-embed-twitter wp-block-embed is-type-rich is-provider-twitter\"><div class=\"wp-block-embed__wrapper\">\n<div class=\"twitter-tweet\"><blockquote class=\"twitter-tweet\" data-lang=\"es\"><p lang=\"es\" dir=\"ltr\"><a href=\"https:\/\/twitter.com\/hashtag\/%C3%9AltimoMinuto?src=hash&amp;ref_src=twsrc%5Etfw\">#\u00daltimoMinuto<\/a> <br>Va 13 inscritos en el <a href=\"https:\/\/twitter.com\/CongresoOaxLXIV?ref_src=twsrc%5Etfw\">@CongresoOaxLXIV<\/a> que buscan la titularidad de la <a href=\"https:\/\/twitter.com\/FISCALIA_GobOax?ref_src=twsrc%5Etfw\">@FISCALIA_GobOax<\/a>, entre ellos <a href=\"https:\/\/twitter.com\/PeimbertArturo?ref_src=twsrc%5Etfw\">@PeimbertArturo<\/a>; aqu\u00ed sus primeras palabras: <a href=\"https:\/\/t.co\/5yanQCBUaj\">pic.twitter.com\/5yanQCBUaj<\/a><\/p>&mdash; Zona Roja Oaxaca (@Zona_Roja_Oax) <a href=\"https:\/\/twitter.com\/Zona_Roja_Oax\/status\/1371932666795339778?ref_src=twsrc%5Etfw\">16 de marzo de 2021<\/a><\/blockquote><\/div>\n<\/div><\/figure>\n\n\n\n<p>\u201cEs un reto importante, necesario, Oaxaca, y una f\u00f3rmula que ha sido importante en el mundo ha sido la cercan\u00eda con las v\u00edctimas; una fiscal\u00eda sin resultados en t\u00e9rminos de poder lograr reducir la impunidad, es una fiscal\u00eda que no funciona; y esta fiscal\u00eda tiene que funcionar\u201d, dijo.<\/p>\n\n\n\n<p>Otro de los aspirantes es Rodolfo Ricardo L\u00f3pez Gandarillas:<\/p>\n\n\n\n<p>\u201cEl principal motivo por el que deseo ser fiscal es porque soy oaxaque\u00f1o; he vivido de cerca las injusticias que trae la procuraci\u00f3n de justicia, por no investigar adecuadamente o por hacer una indebida investigaci\u00f3n.<\/p>\n\n\n\n<p>\u201cLos principales cambios que propongo son la capacitaci\u00f3n de ministerios p\u00fablicos, peritos, agentes, quienes son directamente de los hechos de una investigaci\u00f3n y por los cuales se pueden ganar o perder los asuntos\u201d, dijo en entrevista.<\/p>\n\n\n\n<p>Luego de la recepci\u00f3n de propuestas, la Comisi\u00f3n Permanente de Administraci\u00f3n y Procuraci\u00f3n de Justicia analizar\u00e1 los perfiles; aplicar\u00e1 entrevistas y enviar\u00e1 la lista al titular del Poder Ejecutivo, que a su vez elegir\u00e1 una terna que propondr\u00e1 al Congreso del Estado, que en sesi\u00f3n del pleno votar\u00e1 la designaci\u00f3n.<\/p>\n\n\n\n<figure class=\"wp-block-image size-large\"><img decoding=\"async\" width=\"1024\" height=\"682\" src=\"http:\/\/www.zonaroja.com.mx\/wp-content\/uploads\/2021\/03\/Arturo-Peimbert-1024x682.jpg\" alt=\"\" class=\"wp-image-24748\" srcset=\"https:\/\/zonaroja.com.mx\/wp-content\/uploads\/2021\/03\/Arturo-Peimbert-1024x682.jpg 1024w, https:\/\/zonaroja.com.mx\/wp-content\/uploads\/2021\/03\/Arturo-Peimbert-300x200.jpg 300w, https:\/\/zonaroja.com.mx\/wp-content\/uploads\/2021\/03\/Arturo-Peimbert-768x511.jpg 768w, https:\/\/zonaroja.com.mx\/wp-content\/uploads\/2021\/03\/Arturo-Peimbert-1170x779.jpg 1170w, https:\/\/zonaroja.com.mx\/wp-content\/uploads\/2021\/03\/Arturo-Peimbert-585x389.jpg 585w, https:\/\/zonaroja.com.mx\/wp-content\/uploads\/2021\/03\/Arturo-Peimbert-263x175.jpg 263w, https:\/\/zonaroja.com.mx\/wp-content\/uploads\/2021\/03\/Arturo-Peimbert.jpg 1280w\" sizes=\"(max-width: 1024px) 100vw, 1024px\" \/><\/figure>\n","protected":false},"excerpt":{"rendered":"<p>Ismael Garc\u00eda M.\/Zona Roja. Oaxaca de Ju\u00e1rez, Oax., 16 de marzo de 2021.- Quince profesionistas&hellip;<\/p>\n","protected":false},"author":2,"featured_media":24749,"comment_status":"closed","ping_status":"open","sticky":false,"template":"","format":"standard","meta":{"_lmt_disableupdate":"","_lmt_disable":"","_jetpack_memberships_contains_paid_content":false,"footnotes":""},"categories":[109,46],"tags":[213],"class_list":["post-24747","post","type-post","status-publish","format-standard","has-post-thumbnail","hentry","category-minuto-a-minuto","category-zona-blanca","tag-64-legislatura-de-oaxaca"],"jetpack_featured_media_url":"https:\/\/zonaroja.com.mx\/wp-content\/uploads\/2021\/03\/Comision-de-Administracion-y-Procuracion-de-Justicia.jpg","jetpack_sharing_enabled":true,"_links":{"self":[{"href":"https:\/\/zonaroja.com.mx\/index.php?rest_route=\/wp\/v2\/posts\/24747","targetHints":{"allow":["GET"]}}],"collection":[{"href":"https:\/\/zonaroja.com.mx\/index.php?rest_route=\/wp\/v2\/posts"}],"about":[{"href":"https:\/\/zonaroja.com.mx\/index.php?rest_route=\/wp\/v2\/types\/post"}],"author":[{"embeddable":true,"href":"https:\/\/zonaroja.com.mx\/index.php?rest_route=\/wp\/v2\/users\/2"}],"replies":[{"embeddable":true,"href":"https:\/\/zonaroja.com.mx\/index.php?rest_route=%2Fwp%2Fv2%2Fcomments&post=24747"}],"version-history":[{"count":1,"href":"https:\/\/zonaroja.com.mx\/index.php?rest_route=\/wp\/v2\/posts\/24747\/revisions"}],"predecessor-version":[{"id":24750,"href":"https:\/\/zonaroja.com.mx\/index.php?rest_route=\/wp\/v2\/posts\/24747\/revisions\/24750"}],"wp:featuredmedia":[{"embeddable":true,"href":"https:\/\/zonaroja.com.mx\/index.php?rest_route=\/wp\/v2\/media\/24749"}],"wp:attachment":[{"href":"https:\/\/zonaroja.com.mx\/index.php?rest_route=%2Fwp%2Fv2%2Fmedia&parent=24747"}],"wp:term":[{"taxonomy":"category","embeddable":true,"href":"https:\/\/zonaroja.com.mx\/index.php?rest_route=%2Fwp%2Fv2%2Fcategories&post=24747"},{"taxonomy":"post_tag","embeddable":true,"href":"https:\/\/zonaroja.com.mx\/index.php?rest_route=%2Fwp%2Fv2%2Ftags&post=24747"}],"curies":[{"name":"wp","href":"https:\/\/api.w.org\/{rel}","templated":true}]}}