{"id":24751,"date":"2021-03-16T17:03:24","date_gmt":"2021-03-16T23:03:24","guid":{"rendered":"http:\/\/www.zonaroja.com.mx\/?p=24751"},"modified":"2021-03-16T17:03:29","modified_gmt":"2021-03-16T23:03:29","slug":"ante-nula-atencion-de-servicios-de-salud-a-seccion-35-realizan-paro-generalizado","status":"publish","type":"post","link":"https:\/\/zonaroja.com.mx\/?p=24751","title":{"rendered":"Ante nula atenci\u00f3n de Servicios de Salud a Secci\u00f3n 35, realizan paro generalizado"},"content":{"rendered":"\n<p>Yuridiana Sosa\/Zona Roja.<\/p>\n\n\n\n<p>Oaxaca de Ju\u00e1rez, Oax., 16 de marzo de 2021.- Afiliados a la Secci\u00f3n 35 del Sindicato Nacional de Trabajadores de la Secretar\u00eda de Salud (SNTSA) efectuaron hoy un paro de labores generalizado en el estado, ante la nula respuesta de los Servicios de Salud de Oaxaca (SSO) de vacunar a todo el personal sindicalizado.<\/p>\n\n\n\n<p>Como parte de la movilizaci\u00f3n estatal, se apoderaron de las oficinas y bancos de Bienestar, as\u00ed como dependencias estatales en las regiones Costa, Mixteca, Valles Centrales y Sierra, as\u00ed como Istmo.<\/p>\n\n\n\n<p>La jornada de protesta, que comenz\u00f3 en la regi\u00f3n del Istmo desde el 24 de febrero, se intensific\u00f3 a nivel estatal por parte de este gremio, donde existen al menos unos cinco mil trabajadores de salud que no han recibido la vacuna contra el Sars-Cov-2.<\/p>\n\n\n\n<p>La Secci\u00f3n 35 del SNTSA responsabiliz\u00f3 a los Servicios de Salud de Oaxaca de no garantizar la salud de su recurso humano y que hasta el momento existe exclusi\u00f3n para el personal que se encuentra en otras \u00e1reas distintas las de hospitalizaci\u00f3n, a pesar que laboran dentro de un nosocomio o tienen contacto con otros que s\u00ed est\u00e1n en contacto directo con pacientes Covid.<\/p>\n\n\n\n<p>En esta ocasi\u00f3n la protesta tambi\u00e9n se dirigi\u00f3 contra el gobierno federal por la desorganizaci\u00f3n que ha mantenido la delegaci\u00f3n de Bienestar en Oaxaca, la cual privilegi\u00f3 la vacunaci\u00f3n de sus trabajadores en medio de la jornada a favor de los adultos mayores; demandan adem\u00e1s la renuncia de la delegada Nancy Ortiz Cabrera.<\/p>\n\n\n\n<figure class=\"wp-block-embed-twitter wp-block-embed is-type-rich is-provider-twitter\"><div class=\"wp-block-embed__wrapper\">\n<div class=\"twitter-tweet\"><blockquote class=\"twitter-tweet\" data-lang=\"es\"><p lang=\"es\" dir=\"ltr\"><a href=\"https:\/\/twitter.com\/hashtag\/ENVIVO?src=hash&amp;ref_src=twsrc%5Etfw\">#ENVIVO<\/a> <br>Oaxaca de Ju\u00e1rez, Oax., 16 de marzo de 2021.- Trabajadores de la Secci\u00f3n 35 del Sindicato Nacional de la Secretar\u00eda de Salud inician protesta generalizada ante incapacidad de <a href=\"https:\/\/twitter.com\/SSO_GobOax?ref_src=twsrc%5Etfw\">@SSO_GobOax<\/a> por atender vacunaci\u00f3n del personal sanitario.<br>Transmisi\u00f3n\ud83d\udc47<a href=\"https:\/\/t.co\/DPUzO3q8oX\">https:\/\/t.co\/DPUzO3q8oX<\/a> <a href=\"https:\/\/t.co\/aNO8LhR2lg\">pic.twitter.com\/aNO8LhR2lg<\/a><\/p>&mdash; Zona Roja Oaxaca (@Zona_Roja_Oax) <a href=\"https:\/\/twitter.com\/Zona_Roja_Oax\/status\/1371874339046445056?ref_src=twsrc%5Etfw\">16 de marzo de 2021<\/a><\/blockquote><\/div>\n<\/div><\/figure>\n\n\n\n<p>Desde temprana hora de este martes, las distintas delegaciones jurisdiccionales se movilizaron principalmente en las regiones de Valles Centrales, en la capital y zona conurbada, as\u00ed como en la zona del Istmo.<\/p>\n\n\n\n<p>En la capital se apoderaron de las oficinas de la Jurisdicci\u00f3n Sanitaria n\u00famero 1 y la sede de los programas Bienestar en el Centro Hist\u00f3rico, donde decenas de sindicalizados rodearon la oficina sobre la calle de Libres y Abasolo.<\/p>\n\n\n\n<p>As\u00ed tambi\u00e9n se apoderaron de las oficinas federales de Bienestar sobre la carretera federal 190, en el municipio de Santa Luc\u00eda del Camino.<\/p>\n\n\n\n<p>Mientras que en el Istmo, las delegaciones sindicales \u201ctomaron\u201d oficinas de Bienestar, de Recaudaci\u00f3n de Rentas y de Registro Civil en los municipios de Salina Cruz, Tehuantepec, Juchit\u00e1n de Zaragoza, Ciudad Ixtepec, Zanatepec y Mat\u00edas Romero.<\/p>\n","protected":false},"excerpt":{"rendered":"<p>Yuridiana Sosa\/Zona Roja. Oaxaca de Ju\u00e1rez, Oax., 16 de marzo de 2021.- Afiliados a la&hellip;<\/p>\n","protected":false},"author":2,"featured_media":24752,"comment_status":"closed","ping_status":"open","sticky":false,"template":"","format":"standard","meta":{"_lmt_disableupdate":"","_lmt_disable":"","_jetpack_memberships_contains_paid_content":false,"footnotes":""},"categories":[109,47],"tags":[1653],"class_list":["post-24751","post","type-post","status-publish","format-standard","has-post-thumbnail","hentry","category-minuto-a-minuto","category-zona-gris","tag-seccion-35-sindicato-nacional-de-trabajadores-de-la-secretaria-de-salud"],"jetpack_featured_media_url":"https:\/\/zonaroja.com.mx\/wp-content\/uploads\/2021\/03\/Paro-salud-Oaxaca.jpg","jetpack_sharing_enabled":true,"_links":{"self":[{"href":"https:\/\/zonaroja.com.mx\/index.php?rest_route=\/wp\/v2\/posts\/24751","targetHints":{"allow":["GET"]}}],"collection":[{"href":"https:\/\/zonaroja.com.mx\/index.php?rest_route=\/wp\/v2\/posts"}],"about":[{"href":"https:\/\/zonaroja.com.mx\/index.php?rest_route=\/wp\/v2\/types\/post"}],"author":[{"embeddable":true,"href":"https:\/\/zonaroja.com.mx\/index.php?rest_route=\/wp\/v2\/users\/2"}],"replies":[{"embeddable":true,"href":"https:\/\/zonaroja.com.mx\/index.php?rest_route=%2Fwp%2Fv2%2Fcomments&post=24751"}],"version-history":[{"count":1,"href":"https:\/\/zonaroja.com.mx\/index.php?rest_route=\/wp\/v2\/posts\/24751\/revisions"}],"predecessor-version":[{"id":24753,"href":"https:\/\/zonaroja.com.mx\/index.php?rest_route=\/wp\/v2\/posts\/24751\/revisions\/24753"}],"wp:featuredmedia":[{"embeddable":true,"href":"https:\/\/zonaroja.com.mx\/index.php?rest_route=\/wp\/v2\/media\/24752"}],"wp:attachment":[{"href":"https:\/\/zonaroja.com.mx\/index.php?rest_route=%2Fwp%2Fv2%2Fmedia&parent=24751"}],"wp:term":[{"taxonomy":"category","embeddable":true,"href":"https:\/\/zonaroja.com.mx\/index.php?rest_route=%2Fwp%2Fv2%2Fcategories&post=24751"},{"taxonomy":"post_tag","embeddable":true,"href":"https:\/\/zonaroja.com.mx\/index.php?rest_route=%2Fwp%2Fv2%2Ftags&post=24751"}],"curies":[{"name":"wp","href":"https:\/\/api.w.org\/{rel}","templated":true}]}}