{"id":24759,"date":"2021-03-16T21:30:08","date_gmt":"2021-03-17T03:30:08","guid":{"rendered":"http:\/\/www.zonaroja.com.mx\/?p=24759"},"modified":"2021-03-16T21:30:12","modified_gmt":"2021-03-17T03:30:12","slug":"morenistas-pelean-publicamente-salomon-jara-vs-garcia-jarquin","status":"publish","type":"post","link":"https:\/\/zonaroja.com.mx\/?p=24759","title":{"rendered":"Morenistas pelean p\u00fablicamente: Salom\u00f3n Jara vs. Garc\u00eda Jarqu\u00edn"},"content":{"rendered":"\n<p>Yuridiana Sosa\/Zona Roja.<\/p>\n\n\n\n<p>Oaxaca de Ju\u00e1rez, Oax., 16 de marzo de 2021.- El senador Salom\u00f3n Jara Cruz y el edil de la capital, Oswaldo Garc\u00eda Jarqu\u00edn, ambos de Morena, dieron muestra p\u00fablica de las diferencias y fracturas al interior del partido de la \u201cCuarta Transformaci\u00f3n\u201d, que fund\u00f3 el hoy Presidente Andr\u00e9s Manuel L\u00f3pez Obrador.<\/p>\n\n\n\n<p>La crisis entre los pol\u00edticos salt\u00f3 este martes por la presunta disputa del candidato a edil para Oaxaca de Ju\u00e1rez &#8211;contienda en que habr\u00edan desechado a Jes\u00fas Romero L\u00f3pez&#8211;, en la recta final de la definici\u00f3n del abanderado por Morena, pues el actual presidente busca la reelecci\u00f3n, pero no es parte del equipo que respalda Jara Cruz.<\/p>\n\n\n\n<p>El l\u00edo comenz\u00f3 a ra\u00edz de un video que se difundi\u00f3 en redes sociales, en el que aparece el senador y ex candidato a la gubernatura en una reuni\u00f3n con simpatizantes expres\u00e1ndose de Garc\u00eda Jarqu\u00edn como una decepci\u00f3n para Morena.<\/p>\n\n\n\n<p>\u201cOswaldo Garc\u00eda, \u00bfSi lo conocen verdad? Un hombre que defraud\u00f3 a Oaxaca. Pensamos que iba a ser un buen trabajo y no lo hizo\u201d, asever\u00f3 el senador ante los asistentes.<\/p>\n\n\n\n<p>Record\u00f3 las intenciones de edil capitalino de colocar parqu\u00edmetros, incrementos al pago predial al y la venta del cerro del crest\u00f3n. Acciones que fueron descalificadas por las dirigencias de Morena.<\/p>\n\n\n\n<p>Pero Oswaldo Garc\u00eda respondi\u00f3 a lo que consider\u00f3 insultos a su persona y al gobierno municipal que encabeza.<\/p>\n\n\n\n<p>Por medio de una carta, dirigida a Salom\u00f3n Jara, el edil apunt\u00f3: \u201cEntiendo, aunque no comparto, tu desesperaci\u00f3n por imponer en el proceso interno de Morena a tu aspirante para la pr\u00f3xima elecci\u00f3n en la capital de Oaxaca\u201d.<\/p>\n\n\n\n<p>Garc\u00eda Jarqu\u00edn le dijo a Jara Cruz: \u201cDifundes mentiras y lo sabes. As\u00ed act\u00faas y difamas a quienes no nos alineamos a tus aspiraciones y ambiciones\u201d y agreg\u00f3, \u201cT\u00fa no quieres colaboradores o aliados valiosos, t\u00fa quieres s\u00fabditos\u201d.<\/p>\n\n\n\n<p>El presidente de Oaxaca de Ju\u00e1rez, y aspirante a la reelecci\u00f3n record\u00f3 el apoyo de Salom\u00f3n Jara en los procesos electorales anteriores, por los cuales tambi\u00e9n le agradeci\u00f3.<\/p>\n\n\n\n<p>\u201cTe agradezco tu apoyo en las elecciones de 2016 y 2018 y te pido que permitas que los cuidados decidan en este proceso de 2021, como sucedi\u00f3 en 2018\u201d, expres\u00f3 Oswaldo Garc\u00eda.<\/p>\n","protected":false},"excerpt":{"rendered":"<p>Yuridiana Sosa\/Zona Roja. Oaxaca de Ju\u00e1rez, Oax., 16 de marzo de 2021.- El senador Salom\u00f3n&hellip;<\/p>\n","protected":false},"author":2,"featured_media":24760,"comment_status":"closed","ping_status":"open","sticky":false,"template":"","format":"standard","meta":{"_lmt_disableupdate":"","_lmt_disable":"","_jetpack_memberships_contains_paid_content":false,"footnotes":""},"categories":[109,47],"tags":[939],"class_list":["post-24759","post","type-post","status-publish","format-standard","has-post-thumbnail","hentry","category-minuto-a-minuto","category-zona-gris","tag-salomon-jara-cruz"],"jetpack_featured_media_url":"https:\/\/zonaroja.com.mx\/wp-content\/uploads\/2021\/03\/Oswaldo-Garcia-Jarquin.jpg","jetpack_sharing_enabled":true,"_links":{"self":[{"href":"https:\/\/zonaroja.com.mx\/index.php?rest_route=\/wp\/v2\/posts\/24759","targetHints":{"allow":["GET"]}}],"collection":[{"href":"https:\/\/zonaroja.com.mx\/index.php?rest_route=\/wp\/v2\/posts"}],"about":[{"href":"https:\/\/zonaroja.com.mx\/index.php?rest_route=\/wp\/v2\/types\/post"}],"author":[{"embeddable":true,"href":"https:\/\/zonaroja.com.mx\/index.php?rest_route=\/wp\/v2\/users\/2"}],"replies":[{"embeddable":true,"href":"https:\/\/zonaroja.com.mx\/index.php?rest_route=%2Fwp%2Fv2%2Fcomments&post=24759"}],"version-history":[{"count":1,"href":"https:\/\/zonaroja.com.mx\/index.php?rest_route=\/wp\/v2\/posts\/24759\/revisions"}],"predecessor-version":[{"id":24761,"href":"https:\/\/zonaroja.com.mx\/index.php?rest_route=\/wp\/v2\/posts\/24759\/revisions\/24761"}],"wp:featuredmedia":[{"embeddable":true,"href":"https:\/\/zonaroja.com.mx\/index.php?rest_route=\/wp\/v2\/media\/24760"}],"wp:attachment":[{"href":"https:\/\/zonaroja.com.mx\/index.php?rest_route=%2Fwp%2Fv2%2Fmedia&parent=24759"}],"wp:term":[{"taxonomy":"category","embeddable":true,"href":"https:\/\/zonaroja.com.mx\/index.php?rest_route=%2Fwp%2Fv2%2Fcategories&post=24759"},{"taxonomy":"post_tag","embeddable":true,"href":"https:\/\/zonaroja.com.mx\/index.php?rest_route=%2Fwp%2Fv2%2Ftags&post=24759"}],"curies":[{"name":"wp","href":"https:\/\/api.w.org\/{rel}","templated":true}]}}