{"id":24765,"date":"2021-03-17T07:38:45","date_gmt":"2021-03-17T13:38:45","guid":{"rendered":"http:\/\/www.zonaroja.com.mx\/?p=24765"},"modified":"2021-03-17T07:38:49","modified_gmt":"2021-03-17T13:38:49","slug":"identifican-a-medico-atacado-a-balazos-en-clinica-del-issste-de-oaxaca","status":"publish","type":"post","link":"https:\/\/zonaroja.com.mx\/?p=24765","title":{"rendered":"Identifican a m\u00e9dico atacado a balazos en cl\u00ednica del ISSSTE de Oaxaca"},"content":{"rendered":"\n<p>Ismael Garc\u00eda M.\/Zona Roja.<\/p>\n\n\n\n<p>Oaxaca de Ju\u00e1rez, Oax., 17 de marzo de 2021.- Como Rodolfo S. fue identificado el m\u00e9dico atacado a balazos anoche en la Cl\u00ednica M\u00e9dica Familiar del ISSSTE en la ciudad de Oaxaca.<\/p>\n\n\n\n<p>La agresi\u00f3n armada, presuntamente por parte de dos sujetos que viajaban en motocicleta, se registr\u00f3 minutos antes de las 20:00 horas, en la unidad ubicada en el bulevar Eduardo Vasconcelos, en la periferia oriente de la capital.<\/p>\n\n\n\n<p>El hombre recibi\u00f3 varios impactos de arma de fuego, uno de ellos en el muslo y otro en el abdomen, y fue auxiliado por sus compa\u00f1eros, para trasladarlo al hospital del ISSSSTE al norte de la ciudad.<\/p>\n\n\n\n<p>Tras ello arribaron elementos policiacos y personal de la Fiscal\u00eda General del Estado de Oaxaca, para las indagatorias correspondientes. Sin embargo, hasta el momento no hay indicios de la identidad de los probables agresores.<\/p>\n\n\n\n<p>La instituci\u00f3n que a nivel nacional dirige el oaxaque\u00f1o Luis Antonio Ram\u00edrez L\u00f3pez, inform\u00f3 a trav\u00e9s de un breve comunicado que el m\u00e9dico se encuentra estable de salud.<\/p>\n\n\n\n<figure class=\"wp-block-embed-twitter wp-block-embed is-type-rich is-provider-twitter\"><div class=\"wp-block-embed__wrapper\">\n<div class=\"twitter-tweet\"><blockquote class=\"twitter-tweet\" data-lang=\"es\"><p lang=\"es\" dir=\"ltr\"><a href=\"https:\/\/twitter.com\/hashtag\/%C3%9AltimoMinuto?src=hash&amp;ref_src=twsrc%5Etfw\">#\u00daltimoMinuto<\/a> <br>In\u00e9dito, as\u00ed la inseguridad en <a href=\"https:\/\/twitter.com\/MunicipioOaxaca?ref_src=twsrc%5Etfw\">@MunicipioOaxaca<\/a>: balean a un hombre en la cl\u00ednica del <a href=\"https:\/\/twitter.com\/ISSSTE_mx?ref_src=twsrc%5Etfw\">@ISSSTE_mx<\/a> ubicada en el bulevar Eduardo Vasconcelos de la ciudad de <a href=\"https:\/\/twitter.com\/hashtag\/Oaxaca?src=hash&amp;ref_src=twsrc%5Etfw\">#Oaxaca<\/a>. <br>Fue trasladado a un hospital y lo reportan estable; a\u00fan no lo identifican formalmente. <a href=\"https:\/\/t.co\/MyBFKiNKVM\">pic.twitter.com\/MyBFKiNKVM<\/a><\/p>&mdash; Zona Roja Oaxaca (@Zona_Roja_Oax) <a href=\"https:\/\/twitter.com\/Zona_Roja_Oax\/status\/1372017947535941634?ref_src=twsrc%5Etfw\">17 de marzo de 2021<\/a><\/blockquote><\/div>\n<\/div><\/figure>\n","protected":false},"excerpt":{"rendered":"<p>Ismael Garc\u00eda M.\/Zona Roja. Oaxaca de Ju\u00e1rez, Oax., 17 de marzo de 2021.- Como Rodolfo&hellip;<\/p>\n","protected":false},"author":2,"featured_media":24766,"comment_status":"closed","ping_status":"open","sticky":false,"template":"","format":"standard","meta":{"_lmt_disableupdate":"","_lmt_disable":"","_jetpack_memberships_contains_paid_content":false,"footnotes":""},"categories":[109,47],"tags":[2526],"class_list":["post-24765","post","type-post","status-publish","format-standard","has-post-thumbnail","hentry","category-minuto-a-minuto","category-zona-gris","tag-baleado-clinica-issste-oaxaca"],"jetpack_featured_media_url":"https:\/\/zonaroja.com.mx\/wp-content\/uploads\/2021\/03\/Baleado-ISSSTE.jpg","jetpack_sharing_enabled":true,"_links":{"self":[{"href":"https:\/\/zonaroja.com.mx\/index.php?rest_route=\/wp\/v2\/posts\/24765","targetHints":{"allow":["GET"]}}],"collection":[{"href":"https:\/\/zonaroja.com.mx\/index.php?rest_route=\/wp\/v2\/posts"}],"about":[{"href":"https:\/\/zonaroja.com.mx\/index.php?rest_route=\/wp\/v2\/types\/post"}],"author":[{"embeddable":true,"href":"https:\/\/zonaroja.com.mx\/index.php?rest_route=\/wp\/v2\/users\/2"}],"replies":[{"embeddable":true,"href":"https:\/\/zonaroja.com.mx\/index.php?rest_route=%2Fwp%2Fv2%2Fcomments&post=24765"}],"version-history":[{"count":1,"href":"https:\/\/zonaroja.com.mx\/index.php?rest_route=\/wp\/v2\/posts\/24765\/revisions"}],"predecessor-version":[{"id":24767,"href":"https:\/\/zonaroja.com.mx\/index.php?rest_route=\/wp\/v2\/posts\/24765\/revisions\/24767"}],"wp:featuredmedia":[{"embeddable":true,"href":"https:\/\/zonaroja.com.mx\/index.php?rest_route=\/wp\/v2\/media\/24766"}],"wp:attachment":[{"href":"https:\/\/zonaroja.com.mx\/index.php?rest_route=%2Fwp%2Fv2%2Fmedia&parent=24765"}],"wp:term":[{"taxonomy":"category","embeddable":true,"href":"https:\/\/zonaroja.com.mx\/index.php?rest_route=%2Fwp%2Fv2%2Fcategories&post=24765"},{"taxonomy":"post_tag","embeddable":true,"href":"https:\/\/zonaroja.com.mx\/index.php?rest_route=%2Fwp%2Fv2%2Ftags&post=24765"}],"curies":[{"name":"wp","href":"https:\/\/api.w.org\/{rel}","templated":true}]}}