{"id":24768,"date":"2021-03-17T07:49:49","date_gmt":"2021-03-17T13:49:49","guid":{"rendered":"http:\/\/www.zonaroja.com.mx\/?p=24768"},"modified":"2021-03-17T07:49:52","modified_gmt":"2021-03-17T13:49:52","slug":"dan-respuesta-a-demandas-de-estudiantes-normalistas-de-oaxaca","status":"publish","type":"post","link":"https:\/\/zonaroja.com.mx\/?p=24768","title":{"rendered":"Dan respuesta a demandas de estudiantes normalistas de Oaxaca"},"content":{"rendered":"\n<p>Redacci\u00f3n\/Zona Roja.<\/p>\n\n\n\n<p>Oaxaca de Ju\u00e1rez, Oax., 17 de marzo de 2021.- Muestra de su disposici\u00f3n y voluntad por atender las demandas de estudiantes de las 11 Escuelas Normales en la entidad, el Gobierno del Estado, a trav\u00e9s del Instituto Estatal de Educaci\u00f3n P\u00fablica de Oaxaca (IEEPO), entreg\u00f3 el documento con las respuestas a las peticiones presentadas por la representaci\u00f3n de las y los alumnos el pasado 1 de marzo.<\/p>\n\n\n\n<p>En la apertura y trabajo en unidad, este organismo educativo siempre ha atendido las solicitudes expuestas, a fin de dar cauce a cada una en la medida de las posibilidades presupuestales, con apego a la normatividad y en el \u00e1mbito de su competencia estatal.<\/p>\n\n\n\n<p>En este marco, como un espacio de informaci\u00f3n para dar a conocer de manera transparente y objetiva la contrataci\u00f3n de egresados normalistas hasta ahora, se publicaron en la p\u00e1gina web institucional del IEEPO: www.oaxaca.gob.mx\/ieepo, los listados con los detalles de mil 329 normalistas contratados de las generaciones 2017-2018 y 2018 -2019.<\/p>\n\n\n\n<p>De la generaci\u00f3n 2017-2018, ingresaron al sistema educativo en la entidad 695 nuevos maestros, de los cuales, por nivel fueron: en Educaci\u00f3n Especial 39, en Educaci\u00f3n F\u00edsica 152, en Preescolar Ind\u00edgena nueve, en Preescolar General 228, en Primaria Ind\u00edgena cinco y en Primaria General 262.<\/p>\n\n\n\n<figure class=\"wp-block-image size-large\"><img decoding=\"async\" width=\"890\" height=\"548\" src=\"http:\/\/www.zonaroja.com.mx\/wp-content\/uploads\/2021\/03\/2-IEEPO.jpg\" alt=\"\" class=\"wp-image-24770\" srcset=\"https:\/\/zonaroja.com.mx\/wp-content\/uploads\/2021\/03\/2-IEEPO.jpg 890w, https:\/\/zonaroja.com.mx\/wp-content\/uploads\/2021\/03\/2-IEEPO-300x185.jpg 300w, https:\/\/zonaroja.com.mx\/wp-content\/uploads\/2021\/03\/2-IEEPO-768x473.jpg 768w, https:\/\/zonaroja.com.mx\/wp-content\/uploads\/2021\/03\/2-IEEPO-585x360.jpg 585w\" sizes=\"(max-width: 890px) 100vw, 890px\" \/><\/figure>\n\n\n\n<p>Asimismo, de la generaci\u00f3n 2018-2019 suman 634 los normalistas egresados contratados; de ellos, en Educaci\u00f3n Especial fueron 42, en Educaci\u00f3n F\u00edsica 121, en Preescolar Ind\u00edgena cinco, en Preescolar General 160, en Primaria Ind\u00edgena 22 y en Primaria General 284.<\/p>\n\n\n\n<p>El IEEPO, a trav\u00e9s del titular de la Unidad de Educaci\u00f3n Normal y Formaci\u00f3n de Docentes, Carlos Alberto Cuevas Cervantes convoc\u00f3 a las y los estudiantes a anteponer por encima de cualquier inter\u00e9s su derecho a la educaci\u00f3n, para que su paso por estas instituciones formadoras de docentes sea fruct\u00edfero y se conviertan en profesionistas exitosos en beneficio de las nuevas generaciones de estudiantes.<\/p>\n\n\n\n<p>Se\u00f1al\u00f3 que la autoridad educativa mantiene abiertos los canales institucionales para atender las solicitudes de las y los j\u00f3venes, a quienes exhorta a poner en primer lugar el cuidado de la salud y la vida de ellos y sus familias ante las condiciones que persisten por la emergencia sanitaria.<\/p>\n","protected":false},"excerpt":{"rendered":"<p>Redacci\u00f3n\/Zona Roja. Oaxaca de Ju\u00e1rez, Oax., 17 de marzo de 2021.- Muestra de su disposici\u00f3n&hellip;<\/p>\n","protected":false},"author":2,"featured_media":24769,"comment_status":"closed","ping_status":"open","sticky":false,"template":"","format":"standard","meta":{"_lmt_disableupdate":"","_lmt_disable":"","_jetpack_memberships_contains_paid_content":false,"footnotes":""},"categories":[109,46],"tags":[599],"class_list":["post-24768","post","type-post","status-publish","format-standard","has-post-thumbnail","hentry","category-minuto-a-minuto","category-zona-blanca","tag-instituto-estatal-de-educacion-publica-de-oaxaca"],"jetpack_featured_media_url":"https:\/\/zonaroja.com.mx\/wp-content\/uploads\/2021\/03\/Protesta-normalistas-Oaxaca.jpg","jetpack_sharing_enabled":true,"_links":{"self":[{"href":"https:\/\/zonaroja.com.mx\/index.php?rest_route=\/wp\/v2\/posts\/24768","targetHints":{"allow":["GET"]}}],"collection":[{"href":"https:\/\/zonaroja.com.mx\/index.php?rest_route=\/wp\/v2\/posts"}],"about":[{"href":"https:\/\/zonaroja.com.mx\/index.php?rest_route=\/wp\/v2\/types\/post"}],"author":[{"embeddable":true,"href":"https:\/\/zonaroja.com.mx\/index.php?rest_route=\/wp\/v2\/users\/2"}],"replies":[{"embeddable":true,"href":"https:\/\/zonaroja.com.mx\/index.php?rest_route=%2Fwp%2Fv2%2Fcomments&post=24768"}],"version-history":[{"count":1,"href":"https:\/\/zonaroja.com.mx\/index.php?rest_route=\/wp\/v2\/posts\/24768\/revisions"}],"predecessor-version":[{"id":24771,"href":"https:\/\/zonaroja.com.mx\/index.php?rest_route=\/wp\/v2\/posts\/24768\/revisions\/24771"}],"wp:featuredmedia":[{"embeddable":true,"href":"https:\/\/zonaroja.com.mx\/index.php?rest_route=\/wp\/v2\/media\/24769"}],"wp:attachment":[{"href":"https:\/\/zonaroja.com.mx\/index.php?rest_route=%2Fwp%2Fv2%2Fmedia&parent=24768"}],"wp:term":[{"taxonomy":"category","embeddable":true,"href":"https:\/\/zonaroja.com.mx\/index.php?rest_route=%2Fwp%2Fv2%2Fcategories&post=24768"},{"taxonomy":"post_tag","embeddable":true,"href":"https:\/\/zonaroja.com.mx\/index.php?rest_route=%2Fwp%2Fv2%2Ftags&post=24768"}],"curies":[{"name":"wp","href":"https:\/\/api.w.org\/{rel}","templated":true}]}}