{"id":24778,"date":"2021-03-17T08:15:06","date_gmt":"2021-03-17T14:15:06","guid":{"rendered":"http:\/\/www.zonaroja.com.mx\/?p=24778"},"modified":"2021-03-17T08:15:10","modified_gmt":"2021-03-17T14:15:10","slug":"responden-jueces-a-acoso-de-amlo-con-mas-amparos-contra-ley-electrica","status":"publish","type":"post","link":"https:\/\/zonaroja.com.mx\/?p=24778","title":{"rendered":"Responden jueces a acoso de AMLO con m\u00e1s amparos contra ley el\u00e9ctrica"},"content":{"rendered":"\n<p>Redacci\u00f3n\/Zona Roja Cdmx.<\/p>\n\n\n\n<p>Ciudad de M\u00e9xico, 17 de marzo de 2021.- Ya son dos los jueces que han concedido alrededor de 30 suspensiones provisionales, con efectos generales, contra la reforma el\u00e9ctrica impulsada por el presidente Andr\u00e9s Manuel L\u00f3pez Obrador.<\/p>\n\n\n\n<p>Este jueves se conocer\u00e1 si las primeras de estas suspensiones se convierten en definitivas; es decir, con vigencia indefinida o hasta que se resuelva en definitiva el amparo.<\/p>\n\n\n\n<p>Ayer se revel\u00f3 que Rodrigo de la Peza L\u00f3pez Figueroa, juez primero de distrito en materia administrativa, especializado en competencia econ\u00f3mica, concedi\u00f3 varias suspensiones provisionales.<\/p>\n\n\n\n<p>Lo mismo sucedi\u00f3 con Juan Pablo G\u00f3mez Fierro, juez segundo de distrito en materia administrativa, tambi\u00e9n especializado en competencia econ\u00f3mica, quien ayer concedi\u00f3 tres nuevas suspensiones, que se suman a 11 que ya hab\u00eda otorgado.<\/p>\n\n\n\n<p>Todas las suspensiones de ambos jueces son con efectos generales. Esto significa que la reforma el\u00e9ctrica, vigente desde el 3 de marzo pasado, no se puede aplicar a nadie, ni siquiera a aquellas empresas o particulares que no han promovido amparos.<\/p>\n\n\n\n<p>Entre las compa\u00f1\u00edas que promovieron los recursos est\u00e1n, en su mayor\u00eda, aquellas dedicadas a la industria de la energ\u00eda e\u00f3lica en distintos estados del pa\u00eds, como, por ejemplo, Eoliatec del Pac\u00edfico SAPI de CV, Parque Solar Orejana SRL de CV, Fuerza y Energ\u00eda de Tuxpan SA de CV, Energ\u00eda y Proyectos E\u00f3licos SAPI de CV, y Fuerza y Energ\u00eda de Naco Nogales SA de CV.<\/p>\n\n\n\n<p>Adem\u00e1s de Fuerza y Energ\u00eda BII Hioxo SA de CV, E\u00f3lica Santa Catarina SRL de CV, PE Ingenio SA PI de CV, E\u00f3lica de Oaxaca SA PI de CV, Fuerza E\u00f3lica San Mat\u00edas SRL de CV, Blumex Power 1 SAde CV, y Parque E\u00f3lico Reynosa III SA PI de CV, entre otras.<\/p>\n\n\n\n<p>S\u00f3lo uno de los amparos fue rechazado. Se trata del registrado en el expediente 143\/2021, promovido por Mar\u00eda Teresa Vargas.<\/p>\n\n\n\n<p>Cabe destacar que la concesi\u00f3n de las suspensiones provisionales caus\u00f3 molestia al presidente L\u00f3pez Obrador, quien, derivado de ello, pidi\u00f3 una investigaci\u00f3n contra el juez Juan Pablo G\u00f3mez Fierro, quien concedi\u00f3 las primeras suspensiones.<\/p>\n\n\n\n<p>El mandatario tambi\u00e9n se lanz\u00f3 contra otros personajes, entre ellos el ministro en retiro Jos\u00e9 Ram\u00f3n Coss\u00edo, a quien acus\u00f3 de formar parte de un \u201cbur\u00f3 jur\u00eddico\u201d que est\u00e1 actuando contra su gobierno.<\/p>\n\n\n\n<p>Pese al amago, el juez G\u00f3mez Fierro concedi\u00f3 ayer tres nuevas suspensiones a empresas privadas que se dijeron afectadas por la reforma el\u00e9ctrica presidencial.<\/p>\n\n\n\n<p>Entre las compa\u00f1\u00edas que obtuvieron la suspensi\u00f3n ayer est\u00e1n E\u00f3lica de Oaxaca y E\u00f3lica de Tamaulipas, cuyos casos quedaron radicados en los expedientes 142\/2021 y 144\/2021 del juzgado que encabeza G\u00f3mez Fierro.<\/p>\n\n\n\n<p>En el amparo tramitado por E\u00f3lica de Oaxaca, el juzgador orden\u00f3, adem\u00e1s, a la Comisi\u00f3n Reguladora de Energ\u00eda (CRE) levantar la suspensi\u00f3n que decret\u00f3 como medida preventiva por el COVID-19, desde el 18 de enero pasado.<\/p>\n\n\n\n<p>(Con informaci\u00f3n de \u201cEl Financiero\u201d)<\/p>\n","protected":false},"excerpt":{"rendered":"<p>Redacci\u00f3n\/Zona Roja Cdmx. Ciudad de M\u00e9xico, 17 de marzo de 2021.- Ya son dos los&hellip;<\/p>\n","protected":false},"author":2,"featured_media":24779,"comment_status":"closed","ping_status":"open","sticky":false,"template":"","format":"standard","meta":{"_lmt_disableupdate":"","_lmt_disable":"","_jetpack_memberships_contains_paid_content":false,"footnotes":""},"categories":[109,47],"tags":[2527],"class_list":["post-24778","post","type-post","status-publish","format-standard","has-post-thumbnail","hentry","category-minuto-a-minuto","category-zona-gris","tag-reforma-electrica-mexico"],"jetpack_featured_media_url":"https:\/\/zonaroja.com.mx\/wp-content\/uploads\/2021\/03\/Suprema-Corte-de-Justicia.jpg","jetpack_sharing_enabled":true,"_links":{"self":[{"href":"https:\/\/zonaroja.com.mx\/index.php?rest_route=\/wp\/v2\/posts\/24778","targetHints":{"allow":["GET"]}}],"collection":[{"href":"https:\/\/zonaroja.com.mx\/index.php?rest_route=\/wp\/v2\/posts"}],"about":[{"href":"https:\/\/zonaroja.com.mx\/index.php?rest_route=\/wp\/v2\/types\/post"}],"author":[{"embeddable":true,"href":"https:\/\/zonaroja.com.mx\/index.php?rest_route=\/wp\/v2\/users\/2"}],"replies":[{"embeddable":true,"href":"https:\/\/zonaroja.com.mx\/index.php?rest_route=%2Fwp%2Fv2%2Fcomments&post=24778"}],"version-history":[{"count":1,"href":"https:\/\/zonaroja.com.mx\/index.php?rest_route=\/wp\/v2\/posts\/24778\/revisions"}],"predecessor-version":[{"id":24780,"href":"https:\/\/zonaroja.com.mx\/index.php?rest_route=\/wp\/v2\/posts\/24778\/revisions\/24780"}],"wp:featuredmedia":[{"embeddable":true,"href":"https:\/\/zonaroja.com.mx\/index.php?rest_route=\/wp\/v2\/media\/24779"}],"wp:attachment":[{"href":"https:\/\/zonaroja.com.mx\/index.php?rest_route=%2Fwp%2Fv2%2Fmedia&parent=24778"}],"wp:term":[{"taxonomy":"category","embeddable":true,"href":"https:\/\/zonaroja.com.mx\/index.php?rest_route=%2Fwp%2Fv2%2Fcategories&post=24778"},{"taxonomy":"post_tag","embeddable":true,"href":"https:\/\/zonaroja.com.mx\/index.php?rest_route=%2Fwp%2Fv2%2Ftags&post=24778"}],"curies":[{"name":"wp","href":"https:\/\/api.w.org\/{rel}","templated":true}]}}