{"id":24781,"date":"2021-03-17T09:40:55","date_gmt":"2021-03-17T15:40:55","guid":{"rendered":"http:\/\/www.zonaroja.com.mx\/?p=24781"},"modified":"2021-03-17T09:40:58","modified_gmt":"2021-03-17T15:40:58","slug":"falta-de-presupuesto-limita-la-autonomia-de-las-universidades-publicas-rector","status":"publish","type":"post","link":"https:\/\/zonaroja.com.mx\/?p=24781","title":{"rendered":"Falta de presupuesto limita la autonom\u00eda de las universidades p\u00fablicas: rector"},"content":{"rendered":"\n<p>Evlin Arag\u00f3n\/Zona Roja.<\/p>\n\n\n\n<p>Oaxaca de Ju\u00e1rez, Oax., 17 de marzo de 2021.- El rector de la Universidad Aut\u00f3noma \u201cBenito Ju\u00e1rez\u201d de Oaxaca (UABJO), Eduardo Bautista Mart\u00ednez, asegur\u00f3 que la falta de presupuesto en las universidades del sur del pa\u00eds limita la autonom\u00eda universitaria, adem\u00e1s de ponerlas en desventaja con otras con mayores aportes.<\/p>\n\n\n\n<p>\u201cYo coincido cuando se plantea que no puede existir esta autonom\u00eda en plenitud si tenemos esta alta dependencia financiera, cuando las autoridades estamos m\u00e1s ocupadas en la gesti\u00f3n de recursos para que nos alcance para el pago de nuestra n\u00f3mina en lugar de apuntalar hacia los sentidos de la educaci\u00f3n superior\u201d, dijo.<\/p>\n\n\n\n<p>Lo anterior en el marco del foro denominado \u201cEducaci\u00f3n Superior: Autonom\u00eda, Gobernanza y Financiamiento\u201d, organizado por la Universidad Aut\u00f3noma Metropolitana (UAM), en donde debati\u00f3 con representantes de diversas instituciones de educaci\u00f3n superior del pa\u00eds.&nbsp;<\/p>\n\n\n\n<p>De acuerdo con Bautista Mart\u00ednez, en la actualidad las universidades est\u00e1n condicionadas por problemas administrativos y econ\u00f3micos, procurando muchas veces la sobrevivencia de las instituciones, por encima del impulso a la academia, en toda la expresi\u00f3n de la palabra, en beneficio de la poblaci\u00f3n.&nbsp;<\/p>\n\n\n\n<p>En este sentido, lament\u00f3 que las universidades p\u00fablicas estatales est\u00e9n atravesadas por un problema hist\u00f3rico como lo es la desigualdad en la asignaci\u00f3n de presupuesto, es decir de las retribuciones federales y estatales por cada estudiante.&nbsp;<\/p>\n\n\n\n<p>\u201cHemos planteando en distintas ocasiones la necesidad de contar con un piso parejo, que no tuvi\u00e9ramos universidades que triplican el presupuesto de otras m\u00e1s en el criterio de inversi\u00f3n por estudiante\u201d, refiri\u00f3.<\/p>\n\n\n\n<p>Y es que para la m\u00e1xima autoridad universitaria en Oaxaca, es indispensable que la problem\u00e1tica se mire y se atienda a fin de mejorar las condiciones en las que se encuentra el estudiantado, la base trabajadora y la infraestructura de las universidades p\u00fablicas en toda la Rep\u00fablica, pero particularmente en la zona sur que presenta m\u00e1s carencias.&nbsp;<\/p>\n\n\n\n<p>Para Bautista Mart\u00ednez el se\u00f1alamiento anterior no invita a reducir el financiamiento de algunas universidades, por el contrario, es un exhorto a que las instituciones con bajo presupuesto reciban una asignaci\u00f3n justa, actuando con estricta responsabilidad en la atenci\u00f3n de la educaci\u00f3n superior.&nbsp;&nbsp;<\/p>\n\n\n\n<p>As\u00ed mismo detall\u00f3 es imperante que la asignaci\u00f3n de presupuesto a la educaci\u00f3n, ciencia y la tecnolog\u00eda deje de verse como un gasto y se mire como lo que es \u201cuna inversi\u00f3n a futuro\u201d, de lo contrario se repetir\u00e1 una y otra vez el caso reciente de las vacunas contra la Covid-19 que se han adquirido de otras partes del mundo ante la falta de recursos para realizar las propias.&nbsp;<\/p>\n\n\n\n<p>Finalmente, el m\u00e1ximo representante de la UABJO destac\u00f3 la elaboraci\u00f3n y actualizaci\u00f3n del modelo educativo reci\u00e9n aprobado por el Consejo Universitario que incluye la interculturalidad, la inclusi\u00f3n con perspectiva de g\u00e9nero, y destaca su car\u00e1cter participativo a fin de ir construyendo una nueva forma de hacer la universidad p\u00fablica.&nbsp;<\/p>\n","protected":false},"excerpt":{"rendered":"<p>Evlin Arag\u00f3n\/Zona Roja. Oaxaca de Ju\u00e1rez, Oax., 17 de marzo de 2021.- El rector de&hellip;<\/p>\n","protected":false},"author":2,"featured_media":24782,"comment_status":"closed","ping_status":"open","sticky":false,"template":"","format":"standard","meta":{"_lmt_disableupdate":"","_lmt_disable":"","_jetpack_memberships_contains_paid_content":false,"footnotes":""},"categories":[109,46],"tags":[360],"class_list":["post-24781","post","type-post","status-publish","format-standard","has-post-thumbnail","hentry","category-minuto-a-minuto","category-zona-blanca","tag-rector-eduardo-bautista-martinez"],"jetpack_featured_media_url":"https:\/\/zonaroja.com.mx\/wp-content\/uploads\/2021\/03\/Rector-foro.png","jetpack_sharing_enabled":true,"_links":{"self":[{"href":"https:\/\/zonaroja.com.mx\/index.php?rest_route=\/wp\/v2\/posts\/24781","targetHints":{"allow":["GET"]}}],"collection":[{"href":"https:\/\/zonaroja.com.mx\/index.php?rest_route=\/wp\/v2\/posts"}],"about":[{"href":"https:\/\/zonaroja.com.mx\/index.php?rest_route=\/wp\/v2\/types\/post"}],"author":[{"embeddable":true,"href":"https:\/\/zonaroja.com.mx\/index.php?rest_route=\/wp\/v2\/users\/2"}],"replies":[{"embeddable":true,"href":"https:\/\/zonaroja.com.mx\/index.php?rest_route=%2Fwp%2Fv2%2Fcomments&post=24781"}],"version-history":[{"count":1,"href":"https:\/\/zonaroja.com.mx\/index.php?rest_route=\/wp\/v2\/posts\/24781\/revisions"}],"predecessor-version":[{"id":24783,"href":"https:\/\/zonaroja.com.mx\/index.php?rest_route=\/wp\/v2\/posts\/24781\/revisions\/24783"}],"wp:featuredmedia":[{"embeddable":true,"href":"https:\/\/zonaroja.com.mx\/index.php?rest_route=\/wp\/v2\/media\/24782"}],"wp:attachment":[{"href":"https:\/\/zonaroja.com.mx\/index.php?rest_route=%2Fwp%2Fv2%2Fmedia&parent=24781"}],"wp:term":[{"taxonomy":"category","embeddable":true,"href":"https:\/\/zonaroja.com.mx\/index.php?rest_route=%2Fwp%2Fv2%2Fcategories&post=24781"},{"taxonomy":"post_tag","embeddable":true,"href":"https:\/\/zonaroja.com.mx\/index.php?rest_route=%2Fwp%2Fv2%2Ftags&post=24781"}],"curies":[{"name":"wp","href":"https:\/\/api.w.org\/{rel}","templated":true}]}}