{"id":24790,"date":"2021-03-17T10:19:21","date_gmt":"2021-03-17T16:19:21","guid":{"rendered":"http:\/\/www.zonaroja.com.mx\/?p=24790"},"modified":"2021-03-17T10:19:24","modified_gmt":"2021-03-17T16:19:24","slug":"opinion-volver-a-lo-de-antes","status":"publish","type":"post","link":"https:\/\/zonaroja.com.mx\/?p=24790","title":{"rendered":"Opini\u00f3n. Volver a lo de antes"},"content":{"rendered":"\n<p>Gibr\u00e1n Ram\u00edrez Reyes*<\/p>\n\n\n\n<p>Despu\u00e9s de que hubiera pron\u00f3sticos pesimistas para 2021, los d\u00edas m\u00e1s recientes hemos tenido cierto optimismo econ\u00f3mico en los diarios. Primero, por los precios del barril de petr\u00f3leo, veinte d\u00f3lares m\u00e1s caro de lo que el gobierno estim\u00f3 al dise\u00f1ar su presupuesto lo que, de mantenerse constante, podr\u00eda representar un alivio econ\u00f3mico para el gasto p\u00fablico.<\/p>\n\n\n\n<p>Segundo, porque las expectativas de crecimiento para el pa\u00eds durante 2021, despu\u00e9s de la grav\u00edsima crisis econ\u00f3mica tra\u00edda por el coronavirus, han mejorado sustancialmente a ra\u00edz del programa de vacunaci\u00f3n y del dinamismo que se espera de la econom\u00eda estadunidense, que es el principal motor de nuestro sector externo.<\/p>\n\n\n\n<p>\u00bfSer\u00e1 por eso que L\u00f3pez Obrador declar\u00f3 que M\u00e9xico es bendito por estar cerca de Dios y no tan lejos de Estados Unidos? Antes, el Fondo Monetario Internacional lleg\u00f3 a estimar un crecimiento cercano al tres por ciento, y ahora ha cambiado sus expectativas al 4.3 por ciento, mientras la OCDE estima 4.5, el Banco de M\u00e9xico 4.8, Hacienda casi 5, y Moody\u2019s 5.5, seg\u00fan registra Dora Villanueva en \u201cLa Jornada\u201d.<\/p>\n\n\n\n<p>Este optimismo, de la mano del sector m\u00e1s ideol\u00f3gicamente neoliberal del gobierno, pueden llevar a perder de vista lo importante. De nada servir\u00e1n esos n\u00fameros si la configuraci\u00f3n de la econom\u00eda pol\u00edtica mexicana fortalece las estructuras que provocan la desigualdad, como est\u00e1 pasando en buena parte del mundo.<\/p>\n\n\n\n<p>Lo m\u00e1s perverso de las crisis econ\u00f3micas es que pegan m\u00e1s duro en la parte de abajo: desaparecen las empresas m\u00e1s d\u00e9biles, prescinden de los trabajadores precarizados por simples c\u00e1lculos contables de rentabilidad, lo que deriva inevitablemente en ciclos de profundizaci\u00f3n de la brecha entre pobres y ricos.<\/p>\n\n\n\n<p>Lo ha documentado Oxfam muy claramente: las mil fortunas m\u00e1s grandes del mundo se recuperaron en menos de un a\u00f1o, y los m\u00e1s ricos del mundo han ganado tanto en esta crisis que, con el incremento de su riqueza, podr\u00eda garantizarse que nadie cayera en pobreza en todo el planeta durante esta crisis.<\/p>\n\n\n\n<p>El mejor ejemplo es seguramente la industria farmac\u00e9utica, pero tambi\u00e9n los tenemos en casa: Larrea y Bailleres, dos de los oligarcas m\u00e1s t\u00f3xicos del pa\u00eds, se enriquecieron m\u00e1s con el impulso que la industria minera extrajo de la crisis.<\/p>\n\n\n\n<p>Si se suma esa condici\u00f3n a la presi\u00f3n que hay para que los gobiernos generen est\u00edmulos fiscales para reactivar la econom\u00eda, el caldo de cultivo se vuelve propicio para que empiece el fest\u00edn de las desigualdades, el fortalecimiento de los fuertes, el debilitamiento de los d\u00e9biles, por algunos a\u00f1os m\u00e1s.<\/p>\n\n\n\n<p>Podr\u00eda ser que ese fuera el resultado de la recuperaci\u00f3n, pues no hay manera de hacer reglas a la medida que provoquen la reactivaci\u00f3n igualitaria de la econom\u00eda, que privilegien las formas de econom\u00eda social o a las micro, peque\u00f1as y medianas empresas; algunos economistas dogm\u00e1ticos dir\u00edan, incluso, que eso no ser\u00eda ni siquiera recomendable, en t\u00e9rminos de eficiencia, que meter recursos en las unidades m\u00e1s peque\u00f1as, ser\u00eda firmar la lentitud de la reactivaci\u00f3n econ\u00f3mica.<\/p>\n\n\n\n<p>\u00bfHay estrategia de izquierda para pensar otro tipo de recuperaci\u00f3n?, \u00bfs\u00f3lo podemos limitarnos a garantizar lo m\u00ednimo para las mayor\u00edas y ver el fortalecimiento de la oligarqu\u00eda con resignaci\u00f3n?<\/p>\n\n\n\n<p>*Doctor en Ciencia Pol\u00edtica por la UNAM.<\/p>\n","protected":false},"excerpt":{"rendered":"<p>Gibr\u00e1n Ram\u00edrez Reyes* Despu\u00e9s de que hubiera pron\u00f3sticos pesimistas para 2021, los d\u00edas m\u00e1s recientes&hellip;<\/p>\n","protected":false},"author":2,"featured_media":24099,"comment_status":"closed","ping_status":"open","sticky":false,"template":"","format":"standard","meta":{"_lmt_disableupdate":"","_lmt_disable":"","_jetpack_memberships_contains_paid_content":false,"footnotes":""},"categories":[456,109],"tags":[2489],"class_list":["post-24790","post","type-post","status-publish","format-standard","has-post-thumbnail","hentry","category-columna","category-minuto-a-minuto","tag-gibran-ramirez-reyes"],"jetpack_featured_media_url":"https:\/\/zonaroja.com.mx\/wp-content\/uploads\/2021\/02\/Gibran-Ramirez-Reyes.jpg","jetpack_sharing_enabled":true,"_links":{"self":[{"href":"https:\/\/zonaroja.com.mx\/index.php?rest_route=\/wp\/v2\/posts\/24790","targetHints":{"allow":["GET"]}}],"collection":[{"href":"https:\/\/zonaroja.com.mx\/index.php?rest_route=\/wp\/v2\/posts"}],"about":[{"href":"https:\/\/zonaroja.com.mx\/index.php?rest_route=\/wp\/v2\/types\/post"}],"author":[{"embeddable":true,"href":"https:\/\/zonaroja.com.mx\/index.php?rest_route=\/wp\/v2\/users\/2"}],"replies":[{"embeddable":true,"href":"https:\/\/zonaroja.com.mx\/index.php?rest_route=%2Fwp%2Fv2%2Fcomments&post=24790"}],"version-history":[{"count":1,"href":"https:\/\/zonaroja.com.mx\/index.php?rest_route=\/wp\/v2\/posts\/24790\/revisions"}],"predecessor-version":[{"id":24791,"href":"https:\/\/zonaroja.com.mx\/index.php?rest_route=\/wp\/v2\/posts\/24790\/revisions\/24791"}],"wp:featuredmedia":[{"embeddable":true,"href":"https:\/\/zonaroja.com.mx\/index.php?rest_route=\/wp\/v2\/media\/24099"}],"wp:attachment":[{"href":"https:\/\/zonaroja.com.mx\/index.php?rest_route=%2Fwp%2Fv2%2Fmedia&parent=24790"}],"wp:term":[{"taxonomy":"category","embeddable":true,"href":"https:\/\/zonaroja.com.mx\/index.php?rest_route=%2Fwp%2Fv2%2Fcategories&post=24790"},{"taxonomy":"post_tag","embeddable":true,"href":"https:\/\/zonaroja.com.mx\/index.php?rest_route=%2Fwp%2Fv2%2Ftags&post=24790"}],"curies":[{"name":"wp","href":"https:\/\/api.w.org\/{rel}","templated":true}]}}