{"id":24799,"date":"2021-03-17T18:44:07","date_gmt":"2021-03-18T00:44:07","guid":{"rendered":"http:\/\/www.zonaroja.com.mx\/?p=24799"},"modified":"2021-03-17T18:49:48","modified_gmt":"2021-03-18T00:49:48","slug":"otra-vez-protestas-en-el-sector-salud-ahora-personal-de-las-unidades-moviles","status":"publish","type":"post","link":"https:\/\/zonaroja.com.mx\/?p=24799","title":{"rendered":"Otra vez protestas en el sector salud, ahora personal de las unidades m\u00f3viles"},"content":{"rendered":"\n<p>Evlin Arag\u00f3n\/Zona Roja.<\/p>\n\n\n\n<p>Oaxaca de Ju\u00e1rez, Oax., 17 de marzo de 2021.- \u201cExigimos el pago de nuestras quincenas\u201d, \u201cLic. Andr\u00e9s Manuel L\u00f3pez Obrador, queremos basificaci\u00f3n\u201d, son las principales consignas del personal del equipo de Fortalecimiento a la Atenci\u00f3n M\u00e9dica (FAM) de las Caravanas Oaxaca que protestan este mi\u00e9rcoles.&nbsp;<\/p>\n\n\n\n<p>De acuerdo con las y los trabajadores, de por las menos 45 unidades m\u00f3viles, son cinco quincenas en la que no han podido cobrar sus salarios, esto por un supuesto reajuste que se encuentra realizando el gobierno federal, en diferentes secretarias.&nbsp;<\/p>\n\n\n\n<p>Pese a que han evidenciado la situaci\u00f3n en otros momentos, el personal adscrito a las jurisdicciones del Istmo, Costa, Mixteca, Valles Centrales y Tuxtepec, aseguran que no existe respuesta por parte de la coordinadora del programa, Yaneira Castellanos Nava, por lo que han decidido hacer p\u00fablica la denuncia.&nbsp;<\/p>\n\n\n\n<p>La falta de pago no es la \u00fanica demanda, ya que tambi\u00e9n exigen se les dote de base laboral a 140 trabajadores y trabajadoras con varios a\u00f1os de servicio, tal es el caso de Joel V\u00e1zquez Cervantes, quien cuenta con 15 a\u00f1os de servicio.&nbsp;<\/p>\n\n\n\n<p>\u201cSolo pedimos que nos paguen porque de ac\u00e1 sobreviven nuestras familias, nosotros continuamos laborando sin pago y no queremos manifestarnos como otros sindicatos lo hacen, porque de hacerlo vamos a perjudicar a muchas familias vulnerables de Oaxaca\u201d, indicaron.&nbsp;&nbsp;<\/p>\n\n\n\n<p>As\u00ed mismo, explicaron que, hasta el d\u00eda de hoy, los Servicios de Salud del Oaxaca (SSO), a cargo de Juan Carlos M\u00e1rquez Heine, contin\u00faan ocupando a este personal para dotar de consultas de medicina general, odontolog\u00eda y vacunaci\u00f3n, a la poblaci\u00f3n de las comunidades con m\u00e1s alto grado de marginaci\u00f3n en la entidad.\u00a0<\/p>\n\n\n\n<p>Por lo anterior hicieron un llamado al presidente de la Rep\u00fablica, Andr\u00e9s Manuel L\u00f3pez Obrador, a fin de que volte\u00e9 a verlos y puedan atender sus justas demandas.&nbsp;<\/p>\n\n\n\n<p>Cabe se\u00f1alar que no se trata de la \u00fanica protesta en el sector salud, ya que, desde hace una semana, integrantes del Sindicato Independiente de Trabajadores del Sector Salud mantienen tomadas las oficinas centrales de la Secretar\u00eda de Salud, en exigencia de que se contrate a quienes estuvieron adscritos al extinto Seguro Popular.&nbsp;<\/p>\n\n\n\n<p>Mientras que este martes, personal afiliado a la Secci\u00f3n 35 del Sindicato Nacional de Trabajadores de la Secretar\u00eda de Salud (SNTSA) efectuaron un paro de labores generalizado en el estado, ante la nula respuesta de los Servicios de Salud de Oaxaca (SSO) de vacunar a todo el personal sindicalizado.<\/p>\n\n\n\n<p>Y, por si fuera poco, integrantes del programa de Atenci\u00f3n a la Salud y Medicamentos Gratuitos para la poblaci\u00f3n sin seguridad social UO13, solicitaron la renovaci\u00f3n de contratos para 300 trabajadores, cuyo trabajo aseguran es esencial toda vez que atienden a las comunidades marginadas de Oaxaca.<\/p>\n","protected":false},"excerpt":{"rendered":"<p>Evlin Arag\u00f3n\/Zona Roja. Oaxaca de Ju\u00e1rez, Oax., 17 de marzo de 2021.- \u201cExigimos el pago&hellip;<\/p>\n","protected":false},"author":2,"featured_media":24800,"comment_status":"closed","ping_status":"open","sticky":false,"template":"","format":"standard","meta":{"_lmt_disableupdate":"","_lmt_disable":"","_jetpack_memberships_contains_paid_content":false,"footnotes":""},"categories":[109,47],"tags":[1005],"class_list":["post-24799","post","type-post","status-publish","format-standard","has-post-thumbnail","hentry","category-minuto-a-minuto","category-zona-gris","tag-servicios-de-salud-de-oaxaca-sso"],"jetpack_featured_media_url":"https:\/\/zonaroja.com.mx\/wp-content\/uploads\/2021\/03\/programa-salud-FAM.jpg","jetpack_sharing_enabled":true,"_links":{"self":[{"href":"https:\/\/zonaroja.com.mx\/index.php?rest_route=\/wp\/v2\/posts\/24799","targetHints":{"allow":["GET"]}}],"collection":[{"href":"https:\/\/zonaroja.com.mx\/index.php?rest_route=\/wp\/v2\/posts"}],"about":[{"href":"https:\/\/zonaroja.com.mx\/index.php?rest_route=\/wp\/v2\/types\/post"}],"author":[{"embeddable":true,"href":"https:\/\/zonaroja.com.mx\/index.php?rest_route=\/wp\/v2\/users\/2"}],"replies":[{"embeddable":true,"href":"https:\/\/zonaroja.com.mx\/index.php?rest_route=%2Fwp%2Fv2%2Fcomments&post=24799"}],"version-history":[{"count":2,"href":"https:\/\/zonaroja.com.mx\/index.php?rest_route=\/wp\/v2\/posts\/24799\/revisions"}],"predecessor-version":[{"id":24803,"href":"https:\/\/zonaroja.com.mx\/index.php?rest_route=\/wp\/v2\/posts\/24799\/revisions\/24803"}],"wp:featuredmedia":[{"embeddable":true,"href":"https:\/\/zonaroja.com.mx\/index.php?rest_route=\/wp\/v2\/media\/24800"}],"wp:attachment":[{"href":"https:\/\/zonaroja.com.mx\/index.php?rest_route=%2Fwp%2Fv2%2Fmedia&parent=24799"}],"wp:term":[{"taxonomy":"category","embeddable":true,"href":"https:\/\/zonaroja.com.mx\/index.php?rest_route=%2Fwp%2Fv2%2Fcategories&post=24799"},{"taxonomy":"post_tag","embeddable":true,"href":"https:\/\/zonaroja.com.mx\/index.php?rest_route=%2Fwp%2Fv2%2Ftags&post=24799"}],"curies":[{"name":"wp","href":"https:\/\/api.w.org\/{rel}","templated":true}]}}