{"id":24807,"date":"2021-03-17T21:23:17","date_gmt":"2021-03-18T03:23:17","guid":{"rendered":"http:\/\/www.zonaroja.com.mx\/?p=24807"},"modified":"2021-03-17T21:23:22","modified_gmt":"2021-03-18T03:23:22","slug":"incontrolables-las-protestas-en-oaxaca-este-miercoles-fueron-seis","status":"publish","type":"post","link":"https:\/\/zonaroja.com.mx\/?p=24807","title":{"rendered":"Incontrolables las protestas en Oaxaca; este mi\u00e9rcoles fueron seis"},"content":{"rendered":"\n<p>Yuridiana Sosa\/Zona Roja.<\/p>\n\n\n\n<p>Oaxaca de Ju\u00e1rez, Oax., 17 de marzo de 2021.- Por tercer d\u00eda consecutivo en la semana, Oaxaca es escenario de m\u00faltiples protestas. Este mi\u00e9rcoles se registraron por lo menos seis en la regi\u00f3n de Valles Centrales, una de ellas con vandalismo.<\/p>\n\n\n\n<p>En Ciudad Administrativa, ubicada en el municipio de Tlalixtac de Cabrera, conurbado a la capital, por segunda ocasi\u00f3n de forma consecutiva los habitantes de las agencias de Santa Mar\u00eda Loxicha y R\u00edo Jord\u00e1n, de San Baltazar Loxicha, se apoderaron del acceso principal del inmueble.<\/p>\n\n\n\n<p>Los pobladores exigen a la Secretar\u00eda General de Gobierno su intervenci\u00f3n para que la autoridad municipal les otorgue sus participaciones correspondientes a los ramos 28 y 33, del ejercicio fiscal 2021. Una acci\u00f3n similar de protesta la realizaron en la regi\u00f3n e la Costa, a la altura de Santa Mar\u00eda Colotepec.<\/p>\n\n\n\n<p>En la capital, en conferencia de prensa, habitantes de las agencias Estancia de Morelos y El Rodeo, del municipio de Santiago Atitl\u00e1n, en la regi\u00f3n de la Sierra Ju\u00e1rez, manifestaron su rechazo al gobierno municipal actual, electo por Sistemas Normativos Internos en 2020.<\/p>\n\n\n\n<p>Los pobladores desconocieron a su autoridad, por lo que demandaron al gobierno estatal no acreditar a las autoridades a fin de evitar un descontento mayor.<\/p>\n\n\n\n<figure class=\"wp-block-embed-twitter wp-block-embed is-type-rich is-provider-twitter\"><div class=\"wp-block-embed__wrapper\">\n<div class=\"twitter-tweet\"><blockquote class=\"twitter-tweet\" data-lang=\"es\"><p lang=\"es\" dir=\"ltr\"><a href=\"https:\/\/twitter.com\/hashtag\/%C3%9AltimoMinuto?src=hash&amp;ref_src=twsrc%5Etfw\">#\u00daltimoMinuto<\/a> <br>En tanto no inicia la sesi\u00f3n del <a href=\"https:\/\/twitter.com\/CongresoOaxLXIV?ref_src=twsrc%5Etfw\">@CongresoOaxLXIV<\/a>, llegan las protestas a la sede del Legislativo, una de ellas de concejales y trabajadores de la Villa de Zaachila. <a href=\"https:\/\/t.co\/WD71s9GeKs\">pic.twitter.com\/WD71s9GeKs<\/a><\/p>&mdash; Zona Roja Oaxaca (@Zona_Roja_Oax) <a href=\"https:\/\/twitter.com\/Zona_Roja_Oax\/status\/1372255327287181319?ref_src=twsrc%5Etfw\">17 de marzo de 2021<\/a><\/blockquote><\/div>\n<\/div><\/figure>\n\n\n\n<p>TAMBI\u00c9N EN CONGRESO<\/p>\n\n\n\n<p>Las manifestaciones continuaron en la sede del Congreso de Estado, en San Raymundo Jalpan, hasta donde dos grupos de inconformes plantearon sus demandas para que los diputados interviniera. A estas se suma una tercera por parte de una ciudadana en solitario, contra un Juez de Distrito por cometer nepotismo, violencia de g\u00e9nero y familiar.<\/p>\n\n\n\n<p>En la sede legislativa, ciudadanos defraudados por la empresa financiera Autofin Monterrey demandaron al Congreso de Oaxaca su intervenci\u00f3n para alcanzar justicia, pues aseguran que la Fiscal\u00eda General del Estado no atiende su caso.<\/p>\n\n\n\n<p>Son m\u00e1s de 70 afectados, quienes han interpuesto denuncias contra la empresa, la cual sigue operando a pesar de los fraudes que ha cometido, aseguraron.<\/p>\n\n\n\n<p>As\u00ed tambi\u00e9n, concejales y trabajadores del ayuntamiento de Villa de Zaachila protestaron para exigir la destituci\u00f3n del presidente municipal, C\u00e1stulo Bret\u00f3n Mendoza, por violencia pol\u00edtica por raz\u00f3n de g\u00e9nero, entre otros abusos de autoridad contra el personal.<\/p>\n\n\n\n<p>Los afectados se\u00f1alaron que existe un proceso ante el Tribunal Estatal Electoral de Oaxaca por violencia de g\u00e9nero, al retirar al personal de \u00e1reas a cargo de mujeres regidoras.<\/p>\n\n\n\n<p>Adem\u00e1s, les han retenido salarios a trabajadores con la excusa de destinarlos a personas de escasos recursos para ayudarlos ante el Covid, pero no hay transparencia en el destino del dinero.<\/p>\n\n\n\n<figure class=\"wp-block-embed-twitter wp-block-embed is-type-rich is-provider-twitter\"><div class=\"wp-block-embed__wrapper\">\n<div class=\"twitter-tweet\"><blockquote class=\"twitter-tweet\" data-lang=\"es\"><p lang=\"es\" dir=\"ltr\"><a href=\"https:\/\/twitter.com\/hashtag\/%C3%9AltimoMinuto?src=hash&amp;ref_src=twsrc%5Etfw\">#\u00daltimoMinuto<\/a> <br>Una tercera protesta en la sesi\u00f3n ordinaria del <a href=\"https:\/\/twitter.com\/CongresoOaxLXIV?ref_src=twsrc%5Etfw\">@CongresoOaxLXIV<\/a> este mi\u00e9rcoles es de ciudadanos defraudados por una empresa financiera denominada Monterrey. <a href=\"https:\/\/t.co\/lHZnCQvmGM\">pic.twitter.com\/lHZnCQvmGM<\/a><\/p>&mdash; Zona Roja Oaxaca (@Zona_Roja_Oax) <a href=\"https:\/\/twitter.com\/Zona_Roja_Oax\/status\/1372261043855106050?ref_src=twsrc%5Etfw\">17 de marzo de 2021<\/a><\/blockquote><\/div>\n<\/div><\/figure>\n\n\n\n<p>LA VIOLENCIA<\/p>\n\n\n\n<p>Previo a estas manifestaciones, habitantes de San Pedro Mixtepec realizaron bloqueos en Santa Luc\u00eda del Camino, en inmediaciones de las oficinas de Bienestar para exigir vacunas contra el Covid.19 y la renuncia de la delegada federal, Nancy Ortiz Cabrera.<\/p>\n\n\n\n<p>Despu\u00e9s del mediod\u00eda retiraron los bloqueos y cerraron \u00fanicamente la carretera al Pante\u00f3n Jard\u00edn, mismo que retiraron por la noche.<\/p>\n\n\n\n<p>Por segundo d\u00eda, pobladores de San Pedro Jicay\u00e1n bloquearon la carretera federal 200, a la altura de su municipio; los militantes del PRI exigen la destituci\u00f3n de sus autoridades.<\/p>\n","protected":false},"excerpt":{"rendered":"<p>Yuridiana Sosa\/Zona Roja. Oaxaca de Ju\u00e1rez, Oax., 17 de marzo de 2021.- Por tercer d\u00eda&hellip;<\/p>\n","protected":false},"author":2,"featured_media":24808,"comment_status":"closed","ping_status":"open","sticky":false,"template":"","format":"standard","meta":{"_lmt_disableupdate":"","_lmt_disable":"","_jetpack_memberships_contains_paid_content":false,"footnotes":""},"categories":[109,47],"tags":[2254],"class_list":["post-24807","post","type-post","status-publish","format-standard","has-post-thumbnail","hentry","category-minuto-a-minuto","category-zona-gris","tag-protestas-y-bloqueos-oaxaca"],"jetpack_featured_media_url":"https:\/\/zonaroja.com.mx\/wp-content\/uploads\/2021\/03\/Bloqueo-Jicayan.png","jetpack_sharing_enabled":true,"_links":{"self":[{"href":"https:\/\/zonaroja.com.mx\/index.php?rest_route=\/wp\/v2\/posts\/24807","targetHints":{"allow":["GET"]}}],"collection":[{"href":"https:\/\/zonaroja.com.mx\/index.php?rest_route=\/wp\/v2\/posts"}],"about":[{"href":"https:\/\/zonaroja.com.mx\/index.php?rest_route=\/wp\/v2\/types\/post"}],"author":[{"embeddable":true,"href":"https:\/\/zonaroja.com.mx\/index.php?rest_route=\/wp\/v2\/users\/2"}],"replies":[{"embeddable":true,"href":"https:\/\/zonaroja.com.mx\/index.php?rest_route=%2Fwp%2Fv2%2Fcomments&post=24807"}],"version-history":[{"count":1,"href":"https:\/\/zonaroja.com.mx\/index.php?rest_route=\/wp\/v2\/posts\/24807\/revisions"}],"predecessor-version":[{"id":24809,"href":"https:\/\/zonaroja.com.mx\/index.php?rest_route=\/wp\/v2\/posts\/24807\/revisions\/24809"}],"wp:featuredmedia":[{"embeddable":true,"href":"https:\/\/zonaroja.com.mx\/index.php?rest_route=\/wp\/v2\/media\/24808"}],"wp:attachment":[{"href":"https:\/\/zonaroja.com.mx\/index.php?rest_route=%2Fwp%2Fv2%2Fmedia&parent=24807"}],"wp:term":[{"taxonomy":"category","embeddable":true,"href":"https:\/\/zonaroja.com.mx\/index.php?rest_route=%2Fwp%2Fv2%2Fcategories&post=24807"},{"taxonomy":"post_tag","embeddable":true,"href":"https:\/\/zonaroja.com.mx\/index.php?rest_route=%2Fwp%2Fv2%2Ftags&post=24807"}],"curies":[{"name":"wp","href":"https:\/\/api.w.org\/{rel}","templated":true}]}}