{"id":24810,"date":"2021-03-17T22:08:41","date_gmt":"2021-03-18T04:08:41","guid":{"rendered":"http:\/\/www.zonaroja.com.mx\/?p=24810"},"modified":"2021-03-17T22:08:44","modified_gmt":"2021-03-18T04:08:44","slug":"ataques-contra-bienestar-por-supuestas-vacunas-orquestadas-desde-gobierno","status":"publish","type":"post","link":"https:\/\/zonaroja.com.mx\/?p=24810","title":{"rendered":"Ataques contra Bienestar por supuestas vacunas, orquestadas desde gobierno"},"content":{"rendered":"\n<p>Ismael Garc\u00eda M.\/Zona Roja.<\/p>\n\n\n\n<p>Oaxaca de Ju\u00e1rez, Oax., 17 de marzo de 2021.- Los ataques contra la administraci\u00f3n del Presidente Andr\u00e9s Manuel L\u00f3pez Obrador, espec\u00edficamente contra la delegaci\u00f3n de Bienestar, son orquestadas desde el Gobierno del Estado de Oaxaca que encabeza Alejandro Murat Hinojosa.<\/p>\n\n\n\n<p>As\u00ed lo consider\u00f3 el diputado y ex presidente de la Junta de Coordinaci\u00f3n Pol\u00edtica en la 64 Legislatura del Congreso local, Horacio Sosa Villavicencio, quien lament\u00f3 la en\u00e9sima agresi\u00f3n contra la delegada Nancy Ortiz.<\/p>\n\n\n\n<p>\u201cQueda m\u00e1s que claro que es una campa\u00f1a orquestada en contra del Gobierno de la Rep\u00fablica. Hoy vemos, somos testigos, gente pr\u00e1cticamente acarreada, joven, que viene a poner el desorden y a exhibir m\u00e1s la pol\u00edtica del gobierno que encabeza Alejandro Murat.<\/p>\n\n\n\n<p>\u201cA unas horas de la visita del Presidente (L\u00f3pez Obrador), nuevamente este tipo de acciones; es una campa\u00f1a orquestada desde el Gobierno del Estado\u201d, expuso en entrevista.<\/p>\n\n\n\n<p>Desde la semana pasada se han registrado una serie de hechos violentos bajo el argumento de falta de vacunas contra el Covid; primero fue la autoridad y trabajadores del ayuntamiento de Santa Luc\u00eda del Camino, encabezados por Dante Monta\u00f1o, quienes generaron hechos incluso de sangre.<\/p>\n\n\n\n<figure class=\"wp-block-embed-twitter wp-block-embed is-type-rich is-provider-twitter\"><div class=\"wp-block-embed__wrapper\">\n<div class=\"twitter-tweet\"><blockquote class=\"twitter-tweet\" data-lang=\"es\"><p lang=\"es\" dir=\"ltr\"><a href=\"https:\/\/twitter.com\/hashtag\/%C3%9AltimoMinuto?src=hash&amp;ref_src=twsrc%5Etfw\">#\u00daltimoMinuto<\/a> <br>El diputado <a href=\"https:\/\/twitter.com\/HoracioSosaOax?ref_src=twsrc%5Etfw\">@HoracioSosaOax<\/a> lament\u00f3 el ataque violento contra las oficinas de <a href=\"https:\/\/twitter.com\/BienestarMxOax?ref_src=twsrc%5Etfw\">@BienestarMxOax<\/a>, por la supuesta demanda de vacunas contra el Covid, por parte de habitantes de Mixtepec; este y otros hechos dijo, forman parte de una campa\u00f1a contra el gobierno federal. <a href=\"https:\/\/t.co\/XGq3jqCVJb\">pic.twitter.com\/XGq3jqCVJb<\/a><\/p>&mdash; Zona Roja Oaxaca (@Zona_Roja_Oax) <a href=\"https:\/\/twitter.com\/Zona_Roja_Oax\/status\/1372250072558223368?ref_src=twsrc%5Etfw\">17 de marzo de 2021<\/a><\/blockquote><\/div>\n<\/div><\/figure>\n\n\n\n<p>El martes, afiliados a la Secci\u00f3n 35 del Sindicato Nacional de la Secretar\u00eda de Salud sitiaron todas las delegaciones de Bienestar en el estado y otras instituciones federales, para exigir vacunas para el personal sindicalizado.<\/p>\n\n\n\n<p>Y hoy \u201cporros\u201d, presuntamente enviados por el edil de San Pedro Mixtepec, Freddy Gil Pineda Gopar, bloquearon el crucero de la v\u00eda federal 190, saquearon la delegaci\u00f3n de Bienestar, quemaron bienes y vandalizaron el inmueble.<\/p>\n\n\n\n<p>\u201cEl Gobierno de la Rep\u00fablica ha estado informando y todos sabemos que las vacunas han estado llegando por etapas, primero fueron los adultos mayores, y se est\u00e1 llevando a cabo la vacunaci\u00f3n.<\/p>\n\n\n\n<p>\u201cEn Santa Luc\u00eda del Camino qued\u00f3 exhibido el \u2018porrismo\u2019 del presidente municipal ante la falta de obras, del respaldo popular de su gente, se mont\u00f3 en contra de la delegada de Bienestar, es un protagonismo puro\u201d, remarc\u00f3 Sosa Villavicencio.<\/p>\n\n\n\n<p>En lugar de conflictos, el legislador por el Partido Morena convoc\u00f3 a todas las partes a la unidad y al apoyo de los sectores vulnerables que requieren ser inmunizados.<\/p>\n\n\n\n<p>\u201cHoy es el momento de la unidad, m\u00e1s que estar peleando, es el momento que ayudemos a nuestros adultos mayores. El gobierno federal no puede solo, necesitamos el apoyo del Gobierno del Estado, de los gobiernos municipales\u201d, dijo a ZONA ROJA.<\/p>\n","protected":false},"excerpt":{"rendered":"<p>Ismael Garc\u00eda M.\/Zona Roja. Oaxaca de Ju\u00e1rez, Oax., 17 de marzo de 2021.- Los ataques&hellip;<\/p>\n","protected":false},"author":2,"featured_media":24811,"comment_status":"closed","ping_status":"open","sticky":false,"template":"","format":"standard","meta":{"_lmt_disableupdate":"","_lmt_disable":"","_jetpack_memberships_contains_paid_content":false,"footnotes":""},"categories":[109,47],"tags":[444],"class_list":["post-24810","post","type-post","status-publish","format-standard","has-post-thumbnail","hentry","category-minuto-a-minuto","category-zona-gris","tag-horacio-sosa-villavicencio"],"jetpack_featured_media_url":"https:\/\/zonaroja.com.mx\/wp-content\/uploads\/2021\/03\/Horacio-Sosa-V.jpg","jetpack_sharing_enabled":true,"_links":{"self":[{"href":"https:\/\/zonaroja.com.mx\/index.php?rest_route=\/wp\/v2\/posts\/24810","targetHints":{"allow":["GET"]}}],"collection":[{"href":"https:\/\/zonaroja.com.mx\/index.php?rest_route=\/wp\/v2\/posts"}],"about":[{"href":"https:\/\/zonaroja.com.mx\/index.php?rest_route=\/wp\/v2\/types\/post"}],"author":[{"embeddable":true,"href":"https:\/\/zonaroja.com.mx\/index.php?rest_route=\/wp\/v2\/users\/2"}],"replies":[{"embeddable":true,"href":"https:\/\/zonaroja.com.mx\/index.php?rest_route=%2Fwp%2Fv2%2Fcomments&post=24810"}],"version-history":[{"count":1,"href":"https:\/\/zonaroja.com.mx\/index.php?rest_route=\/wp\/v2\/posts\/24810\/revisions"}],"predecessor-version":[{"id":24812,"href":"https:\/\/zonaroja.com.mx\/index.php?rest_route=\/wp\/v2\/posts\/24810\/revisions\/24812"}],"wp:featuredmedia":[{"embeddable":true,"href":"https:\/\/zonaroja.com.mx\/index.php?rest_route=\/wp\/v2\/media\/24811"}],"wp:attachment":[{"href":"https:\/\/zonaroja.com.mx\/index.php?rest_route=%2Fwp%2Fv2%2Fmedia&parent=24810"}],"wp:term":[{"taxonomy":"category","embeddable":true,"href":"https:\/\/zonaroja.com.mx\/index.php?rest_route=%2Fwp%2Fv2%2Fcategories&post=24810"},{"taxonomy":"post_tag","embeddable":true,"href":"https:\/\/zonaroja.com.mx\/index.php?rest_route=%2Fwp%2Fv2%2Ftags&post=24810"}],"curies":[{"name":"wp","href":"https:\/\/api.w.org\/{rel}","templated":true}]}}