{"id":24816,"date":"2021-03-17T22:27:24","date_gmt":"2021-03-18T04:27:24","guid":{"rendered":"http:\/\/www.zonaroja.com.mx\/?p=24816"},"modified":"2021-03-19T05:41:27","modified_gmt":"2021-03-19T11:41:27","slug":"denuncian-de-nepotismo-y-violencia-familiar-a-juez-de-distrito-en-oaxaca","status":"publish","type":"post","link":"https:\/\/zonaroja.com.mx\/?p=24816","title":{"rendered":"Denuncian de nepotismo y violencia familiar a Juez de Distrito en Oaxaca"},"content":{"rendered":"\n<p>Yuridiana Sosa\/Zona Roja.<\/p>\n\n\n\n<p>Oaxaca de Ju\u00e1rez, Oax., 17 de marzo de 2021.- El juez del Tribunal Superior de Justicia de Oaxaca, Fidel Gallegos Figueroa, fue denunciado de violencia familiar, de g\u00e9nero y de nepotismo, para quitarle la guardia y custodia de su menor hijo a su esposa.<\/p>\n\n\n\n<p>La afectada, identificada como Luvia Altamirano, denunci\u00f3 p\u00fablicamente que su a\u00fan c\u00f3nyuge, con quien mantiene un proceso de divorcio, ocupa sus influencias dentro del Poder Judicial para ganar el proceso legal que mantienen desde hace 10 meses.<\/p>\n\n\n\n<p>Pero lo grave, apunt\u00f3, es el da\u00f1o psicol\u00f3gico que Gallegos Figueroa ha causado contra su menor hijo, de cuatro a\u00f1os de edad; la mujer asegur\u00f3 que entre \u00e9l y su pareja golpean al ni\u00f1o, por lo que ha solicitado le retiren las convivencias, pero se ampara.<\/p>\n\n\n\n<p>Luvia asegur\u00f3 que el Juez s\u00f3lo quiere quitarle la guardia y custodia para retirarle a su vez la manutenci\u00f3n y la vivienda.<\/p>\n\n\n\n<figure class=\"wp-block-embed-twitter wp-block-embed is-type-rich is-provider-twitter\"><div class=\"wp-block-embed__wrapper\">\n<div class=\"twitter-tweet\"><blockquote class=\"twitter-tweet\" data-lang=\"es\"><p lang=\"es\" dir=\"ltr\"><a href=\"https:\/\/twitter.com\/hashtag\/%C3%9AltimoMinuto?src=hash&amp;ref_src=twsrc%5Etfw\">#\u00daltimoMinuto<\/a> <br>Una segunda protesta lleg\u00f3 este martes a la sede del Poder Legislativo de Oaxaca, previo a la sesi\u00f3n ordinaria. <br>Una mujer v\u00edctima de injusticia y violencia familiar, denuncia inacci\u00f3n e impunidad de jueces y de la Fiscal\u00eda General. <a href=\"https:\/\/t.co\/t537QsqlYG\">pic.twitter.com\/t537QsqlYG<\/a><\/p>&mdash; Zona Roja Oaxaca (@Zona_Roja_Oax) <a href=\"https:\/\/twitter.com\/Zona_Roja_Oax\/status\/1372258602057097218?ref_src=twsrc%5Etfw\">17 de marzo de 2021<\/a><\/blockquote><\/div>\n<\/div><\/figure>\n\n\n\n<p>\u201cMi caso, mis denuncias no avanzas, pero las de \u00e9l s\u00ed\u201d, indic\u00f3 la madre, quien en busca de ayuda, acudi\u00f3 este mi\u00e9rcoles a la sede del Congreso del Estado para dar a conocer su caso, en el marco de la sesi\u00f3n ordinaria de la 64 Legislatura.<\/p>\n\n\n\n<p>Con cartulinas con leyendas de \u201cmis\u00f3gino, machista, violentador\u201d en referencia al Juez, la mujer expuso su caso y agreg\u00f3 que la juez de lo familiar act\u00faa con parcialidad en el proceso, pues supuestamente tambi\u00e9n recibi\u00f3 amenazas de Gallegos Figueroa.<\/p>\n\n\n\n<p>La mujer detall\u00f3 que tambi\u00e9n recibe acoso por parte de trabajadores del Poder Judicial, enviados por el padre de su hijo, situaci\u00f3n por la que se siente en riesgo f\u00edsico, adem\u00e1s del da\u00f1o moral que recibe al vivir bajo esa circunstancia.<\/p>\n","protected":false},"excerpt":{"rendered":"<p>Yuridiana Sosa\/Zona Roja. Oaxaca de Ju\u00e1rez, Oax., 17 de marzo de 2021.- El juez del&hellip;<\/p>\n","protected":false},"author":2,"featured_media":24817,"comment_status":"closed","ping_status":"open","sticky":false,"template":"","format":"standard","meta":{"_lmt_disableupdate":"","_lmt_disable":"","_jetpack_memberships_contains_paid_content":false,"footnotes":""},"categories":[109,47],"tags":[2531,2530],"class_list":["post-24816","post","type-post","status-publish","format-standard","has-post-thumbnail","hentry","category-minuto-a-minuto","category-zona-gris","tag-fidel-gallegos-figueroa","tag-luvia-altamirano"],"jetpack_featured_media_url":"https:\/\/zonaroja.com.mx\/wp-content\/uploads\/2021\/03\/Luvia-Altamirano.jpg","jetpack_sharing_enabled":true,"_links":{"self":[{"href":"https:\/\/zonaroja.com.mx\/index.php?rest_route=\/wp\/v2\/posts\/24816","targetHints":{"allow":["GET"]}}],"collection":[{"href":"https:\/\/zonaroja.com.mx\/index.php?rest_route=\/wp\/v2\/posts"}],"about":[{"href":"https:\/\/zonaroja.com.mx\/index.php?rest_route=\/wp\/v2\/types\/post"}],"author":[{"embeddable":true,"href":"https:\/\/zonaroja.com.mx\/index.php?rest_route=\/wp\/v2\/users\/2"}],"replies":[{"embeddable":true,"href":"https:\/\/zonaroja.com.mx\/index.php?rest_route=%2Fwp%2Fv2%2Fcomments&post=24816"}],"version-history":[{"count":2,"href":"https:\/\/zonaroja.com.mx\/index.php?rest_route=\/wp\/v2\/posts\/24816\/revisions"}],"predecessor-version":[{"id":24860,"href":"https:\/\/zonaroja.com.mx\/index.php?rest_route=\/wp\/v2\/posts\/24816\/revisions\/24860"}],"wp:featuredmedia":[{"embeddable":true,"href":"https:\/\/zonaroja.com.mx\/index.php?rest_route=\/wp\/v2\/media\/24817"}],"wp:attachment":[{"href":"https:\/\/zonaroja.com.mx\/index.php?rest_route=%2Fwp%2Fv2%2Fmedia&parent=24816"}],"wp:term":[{"taxonomy":"category","embeddable":true,"href":"https:\/\/zonaroja.com.mx\/index.php?rest_route=%2Fwp%2Fv2%2Fcategories&post=24816"},{"taxonomy":"post_tag","embeddable":true,"href":"https:\/\/zonaroja.com.mx\/index.php?rest_route=%2Fwp%2Fv2%2Ftags&post=24816"}],"curies":[{"name":"wp","href":"https:\/\/api.w.org\/{rel}","templated":true}]}}