{"id":24822,"date":"2021-03-18T07:29:56","date_gmt":"2021-03-18T13:29:56","guid":{"rendered":"http:\/\/www.zonaroja.com.mx\/?p=24822"},"modified":"2021-03-18T09:19:41","modified_gmt":"2021-03-18T15:19:41","slug":"elegiran-hoy-a-titular-de-fiscalia-general-seria-arturo-peimbert","status":"publish","type":"post","link":"https:\/\/zonaroja.com.mx\/?p=24822","title":{"rendered":"Elegir\u00e1n hoy a titular de Fiscal\u00eda General; ser\u00eda Arturo Peimbert"},"content":{"rendered":"\n<p>Ismael Garc\u00eda M.\/Zona Roja.<\/p>\n\n\n\n<p>Oaxaca de Ju\u00e1rez, Oax., 18 de marzo de 2021.- La 64 Legislatura del Congreso de Oaxaca remiti\u00f3 ayer la lista de 16 aspirantes a la titularidad de la Fiscal\u00eda General del Estado de Oaxaca al Poder Ejecutivo; anoche mismo, el gobernador Alejandro Murat seleccion\u00f3 su terna.<\/p>\n\n\n\n<p>Esta ma\u00f1ana la Comisi\u00f3n Permanente de Administraci\u00f3n y Procuraci\u00f3n de Justicia cuestionar\u00e1 a los tres postulados y al mediod\u00eda, en sesi\u00f3n extraordinaria, el pleno elegir\u00e1 al fiscal que sustituye a Rub\u00e9n Vasconcelos M\u00e9ndez, quien dimiti\u00f3 de manera voluntaria al cargo el pasado 5 de marzo.<\/p>\n\n\n\n<p>De acuerdo con fuentes gubernamentales, ya se ha cabildeado con los legisladores, incluyendo con el Partido Morena, para que el titular de la Fiscal\u00eda General del Estado sea Arturo Peimbert Calvo, ex defensor de derechos humanos de Oaxaca.<\/p>\n\n\n\n<p>En la sesi\u00f3n ordinaria de ayer, la 64 Legislatura remiti\u00f3 al Ejecutivo la lista de los 16 aspirantes:<\/p>\n\n\n\n<p>Mar\u00eda Luisa Andrea M\u00e9ndez S\u00e1nchez, Jos\u00e9 Carlos Cervantes Azcona, Francisco Eleazar Velasco Aguilar, Abraham L\u00f3pez P\u00e9rez, Eduardo de Jes\u00fas Castellanos Hern\u00e1ndez, Marcos Antonio Mart\u00ednez Guzm\u00e1n, Luis Enrique Ruiz Flores, Elvira Morales P\u00e9rez y Marco Antonio Guzm\u00e1n Antonio.<\/p>\n\n\n\n<p>Adem\u00e1s de Francisco Jos\u00e9 Mu\u00f1ozcano Skidmore, Rosa Mar\u00eda D\u00edaz Labastida, Rodolfo Ricardo L\u00f3pez Gandarillas, Arturo de Jes\u00fas Peimbert Calvo, Edgardo Antonio Higareda Cer\u00f3n, Julio Jim\u00e9nez Garc\u00eda y Alejandro Reyes P\u00e9rez.<\/p>\n\n\n\n<p>Las diputadas y diputados integrantes de la Comisi\u00f3n Permanente de Administraci\u00f3n y Procuraci\u00f3n de Justicia, que preside Elisa Zepeda Lagunas, se\u00f1alaron que para la emisi\u00f3n de esta lista se tomaron en cuenta par\u00e1metros como la honorabilidad, independencia e imparcialidad y compromiso con la protecci\u00f3n de los derechos humanos.<\/p>\n\n\n\n<p>\u201cEn cuanto a temperamento y habilidades personales, se consider\u00f3 el manejo de relaciones con altos funcionarios gubernamentales, perspectiva de g\u00e9nero y de pluriculturalidad.<\/p>\n\n\n\n<p>\u201cConsideraron que la persona titular de la Fiscal\u00eda General requiere tener un conocimiento jur\u00eddico altamente especializado, poseer un alto nivel de conocimiento del derecho penal y ser hondamente competente en los diversos aspectos de la investigaci\u00f3n criminal y otras materias afines\u201d, expuso el Congreso en un comunicado.<\/p>\n\n\n\n<p>Esta ma\u00f1ana se difundieron los nombres de la terna y son: Arturo de Jes\u00fas Peimbert Calvo, Marcos Antonio Mart\u00ednez Guzm\u00e1n y Elvira Morales P\u00e9rez. <\/p>\n","protected":false},"excerpt":{"rendered":"<p>Ismael Garc\u00eda M.\/Zona Roja. Oaxaca de Ju\u00e1rez, Oax., 18 de marzo de 2021.- La 64&hellip;<\/p>\n","protected":false},"author":2,"featured_media":24823,"comment_status":"closed","ping_status":"open","sticky":false,"template":"","format":"standard","meta":{"_lmt_disableupdate":"","_lmt_disable":"","_jetpack_memberships_contains_paid_content":false,"footnotes":""},"categories":[109,46],"tags":[213,2532],"class_list":["post-24822","post","type-post","status-publish","format-standard","has-post-thumbnail","hentry","category-minuto-a-minuto","category-zona-blanca","tag-64-legislatura-de-oaxaca","tag-arturo-peimbert-calvo"],"jetpack_featured_media_url":"https:\/\/zonaroja.com.mx\/wp-content\/uploads\/2021\/03\/Arturo-Peimbert-Calvo.jpg","jetpack_sharing_enabled":true,"_links":{"self":[{"href":"https:\/\/zonaroja.com.mx\/index.php?rest_route=\/wp\/v2\/posts\/24822","targetHints":{"allow":["GET"]}}],"collection":[{"href":"https:\/\/zonaroja.com.mx\/index.php?rest_route=\/wp\/v2\/posts"}],"about":[{"href":"https:\/\/zonaroja.com.mx\/index.php?rest_route=\/wp\/v2\/types\/post"}],"author":[{"embeddable":true,"href":"https:\/\/zonaroja.com.mx\/index.php?rest_route=\/wp\/v2\/users\/2"}],"replies":[{"embeddable":true,"href":"https:\/\/zonaroja.com.mx\/index.php?rest_route=%2Fwp%2Fv2%2Fcomments&post=24822"}],"version-history":[{"count":2,"href":"https:\/\/zonaroja.com.mx\/index.php?rest_route=\/wp\/v2\/posts\/24822\/revisions"}],"predecessor-version":[{"id":24832,"href":"https:\/\/zonaroja.com.mx\/index.php?rest_route=\/wp\/v2\/posts\/24822\/revisions\/24832"}],"wp:featuredmedia":[{"embeddable":true,"href":"https:\/\/zonaroja.com.mx\/index.php?rest_route=\/wp\/v2\/media\/24823"}],"wp:attachment":[{"href":"https:\/\/zonaroja.com.mx\/index.php?rest_route=%2Fwp%2Fv2%2Fmedia&parent=24822"}],"wp:term":[{"taxonomy":"category","embeddable":true,"href":"https:\/\/zonaroja.com.mx\/index.php?rest_route=%2Fwp%2Fv2%2Fcategories&post=24822"},{"taxonomy":"post_tag","embeddable":true,"href":"https:\/\/zonaroja.com.mx\/index.php?rest_route=%2Fwp%2Fv2%2Ftags&post=24822"}],"curies":[{"name":"wp","href":"https:\/\/api.w.org\/{rel}","templated":true}]}}