{"id":24827,"date":"2021-03-18T08:16:34","date_gmt":"2021-03-18T14:16:34","guid":{"rendered":"http:\/\/www.zonaroja.com.mx\/?p=24827"},"modified":"2021-03-18T08:18:14","modified_gmt":"2021-03-18T14:18:14","slug":"descartan-a-precandidato-mexiquense-por-registrase-con-datos-falsos-en-santa-lucia-del-camino","status":"publish","type":"post","link":"https:\/\/zonaroja.com.mx\/?p=24827","title":{"rendered":"Descartan a precandidato mexiquense por registrase con datos falsos en Santa Luc\u00eda del Camino"},"content":{"rendered":"\n<p>Redacci\u00f3n\/Zona Roja.<\/p>\n\n\n\n<p>Oaxaca de Ju\u00e1rez, Oax., 18 de marzo de 2021.- Juan Carlos Garc\u00eda M\u00e1rquez, ex aspirante a candidato por Morena a edil de Santa Luc\u00eda del Camino, fue descartado por el Comit\u00e9 Ejecutivo Nacional de Morena (CEN) por actos de corrupci\u00f3n y falsificaci\u00f3n de documentos, ahora el originario del Estado de M\u00e9xico busca cobijo en el Partido Revolucionario Institucional (PRI).<\/p>\n\n\n\n<p>Seg\u00fan fuentes del partido, Garc\u00eda M\u00e1rquez incurri\u00f3 en tres violaciones a los estatutos de Morena, primero en su registro asegur\u00f3 ser originario de Santa Luc\u00eda del Camino, cuando su acta de nacimiento indica que es originario de Los Reyes La Paz, Estado de M\u00e9xico, adem\u00e1s que ante el SAT vive en Oaxaca de Ju\u00e1rez, por lo cual procedieron a investigarlo.<\/p>\n\n\n\n<p>Su segundo enga\u00f1o al partido aparte de no ser oaxaque\u00f1o, qued\u00f3 al descubierto cuando dijo ser presidente de la Asociaci\u00f3n Civil \u00abAlas en el Coraz\u00f3n\u00bb, la cual no existe ni est\u00e1 registrada ante ning\u00fan organismo, tal como lo marca el oficio SIR-0205851, avalado por el Instituto de la Funci\u00f3n Registral del Estado de Oaxaca (IFREO), lo que le traer\u00eda problemas legales con la Unidad de Inteligencia Financiera de la Secretar\u00eda de Hacienda y Cr\u00e9dito P\u00fablico (SHCP).<\/p>\n\n\n\n<p>Y finalmente por violar la Ley de Instituciones y Procedimientos Electorales del Estado de Oaxaca (LIPEO) y el reglamento del Instituto Nacional Electoral (INE), al repartir un clon del peri\u00f3dico \u201cRegeneraci\u00f3n\u201d, donde en la portada aparece junto con Andr\u00e9s Manuel L\u00f3pez Obrador.<\/p>\n\n\n\n<p>Una Asociaci\u00f3n Civil \u00abpatito\u00bb, hacerse pasar como oaxaque\u00f1o cuando es mexiquense, y lucrar con la imagen de Andr\u00e9s Manuel L\u00f3pez Obrador, le valieron que a nivel nacional Morena le quitara sus aspiraciones pol\u00edticas.<\/p>\n\n\n\n<p>SE UNE AL PRI<\/p>\n\n\n\n<p>Seg\u00fan informaron las fuentes, al perder la encuesta y ser descartado por Morena, Garc\u00eda M\u00e1rquez se reuni\u00f3 este mi\u00e9rcoles 17 de marzo con su amigo y ex compa\u00f1ero de partido el ex edil de Santa Luc\u00eda, Ra\u00fal Cruz, con el cual se comprometi\u00f3 en apoyarlo con personal y militantes de Morena que lo segu\u00edan, para ahora caminar junto con \u00e9l o su esposa Lety Cruz de cara al proceso electoral.<\/p>\n\n\n\n<p>El mexiquense busca la forma de recuperar los cientos de miles de pesos invertidos durante los tres a\u00f1os que hizo campa\u00f1a bajo su asociaci\u00f3n civil sin registro, \u201cAlas en el Coraz\u00f3n\u201d, dinero que le entreg\u00f3 el ex edil priista, Galdino Huerta Escudero.<\/p>\n\n\n\n<p>Adem\u00e1s, dentro de su \u00abcoalici\u00f3n\u00bb busca sumar al regidor de obras p\u00fablicas Adri\u00e1n P\u00e9rez Rojas, quien tambi\u00e9n fue rechazado de Morena. <\/p>\n\n\n\n<figure class=\"wp-block-image size-large\"><img decoding=\"async\" width=\"768\" height=\"1024\" src=\"http:\/\/www.zonaroja.com.mx\/wp-content\/uploads\/2021\/03\/Documentos-Garcia-Marquez-768x1024.jpg\" alt=\"\" class=\"wp-image-24828\" srcset=\"https:\/\/zonaroja.com.mx\/wp-content\/uploads\/2021\/03\/Documentos-Garcia-Marquez-768x1024.jpg 768w, https:\/\/zonaroja.com.mx\/wp-content\/uploads\/2021\/03\/Documentos-Garcia-Marquez-225x300.jpg 225w, https:\/\/zonaroja.com.mx\/wp-content\/uploads\/2021\/03\/Documentos-Garcia-Marquez-585x780.jpg 585w, https:\/\/zonaroja.com.mx\/wp-content\/uploads\/2021\/03\/Documentos-Garcia-Marquez.jpg 960w\" sizes=\"(max-width: 768px) 100vw, 768px\" \/><\/figure>\n\n\n\n<p>ENGA\u00d1\u00d3 A VECINOS<\/p>\n\n\n\n<p>El priista morenista originario del Estado de M\u00e9xico, tambi\u00e9n enga\u00f1\u00f3 a vecinos de Santa Luc\u00eda del Camino, con el pretexto de pintar sus bardas de Morena.<\/p>\n\n\n\n<p>Y es que, seg\u00fan las capturas de pantalla de chats vecinales, Juan Carlos prometi\u00f3 Tinacos y calentadores solares por dejar poner la leyenda \u00abMorena Juntos Caminemos\u00bb, y finalmente no cumpli\u00f3 en 50 de 70 bardas que rotul\u00f3.<\/p>\n\n\n\n<p>Mientras que a los militantes y simpatizantes del partido les dijo que el pintado de bardas era de parte del Comit\u00e9 Nacional de Morena y no ser\u00eda con fines electorales municipales, ya que \u00e9l no es bien visto por las bases fundadoras del partido., tras el enga\u00f1o los vecinos simpatizantes de Morena procedieron a borrar sus bardas y quitarle las iniciales de JC pues se dieron cuenta del abuso de confianza.<\/p>\n\n\n\n<p>Sabedor de sus enga\u00f1os, su n\u00famero telef\u00f3nico personal y un autom\u00f3vil lo puso a nombre de su trabajadora M. Eunice N. C., desde donde realiza las operaciones para coordinar sus enga\u00f1os.<\/p>\n\n\n\n<p>EL PAN FAVORECIDO<\/p>\n\n\n\n<p>Todo este pleito pol\u00edtico sin duda favorece al Partido Acci\u00f3n Nacional (PAN), que comienza a tomar fuerza en esta zona de Oaxaca bajo el nombre del doctor Miguel Hern\u00e1ndez V\u00e1squez.<\/p>\n\n\n\n<p>Cabe mencionar que con base al reglamento del INE publicado en el expediente INE\/CG694\/2020, la LIPEO en su apartado de Conductas Prohibidas y el reglamento interno de Morena, la sanci\u00f3n pendiente para Juan Carlos Garc\u00eda M\u00e1rquez, ser\u00eda de una multa econ\u00f3mica, amonestaci\u00f3n y la expulsi\u00f3n del partido Morena.<\/p>\n","protected":false},"excerpt":{"rendered":"<p>Redacci\u00f3n\/Zona Roja. Oaxaca de Ju\u00e1rez, Oax., 18 de marzo de 2021.- Juan Carlos Garc\u00eda M\u00e1rquez,&hellip;<\/p>\n","protected":false},"author":2,"featured_media":24830,"comment_status":"closed","ping_status":"open","sticky":false,"template":"","format":"standard","meta":{"_lmt_disableupdate":"","_lmt_disable":"","_jetpack_memberships_contains_paid_content":false,"footnotes":""},"categories":[109,47],"tags":[2533,337],"class_list":["post-24827","post","type-post","status-publish","format-standard","has-post-thumbnail","hentry","category-minuto-a-minuto","category-zona-gris","tag-juan-carlos-garcia-marquez","tag-santa-lucia-del-camino"],"jetpack_featured_media_url":"https:\/\/zonaroja.com.mx\/wp-content\/uploads\/2021\/03\/Juan-Carlos-Garcia-Marquez.jpg","jetpack_sharing_enabled":true,"_links":{"self":[{"href":"https:\/\/zonaroja.com.mx\/index.php?rest_route=\/wp\/v2\/posts\/24827","targetHints":{"allow":["GET"]}}],"collection":[{"href":"https:\/\/zonaroja.com.mx\/index.php?rest_route=\/wp\/v2\/posts"}],"about":[{"href":"https:\/\/zonaroja.com.mx\/index.php?rest_route=\/wp\/v2\/types\/post"}],"author":[{"embeddable":true,"href":"https:\/\/zonaroja.com.mx\/index.php?rest_route=\/wp\/v2\/users\/2"}],"replies":[{"embeddable":true,"href":"https:\/\/zonaroja.com.mx\/index.php?rest_route=%2Fwp%2Fv2%2Fcomments&post=24827"}],"version-history":[{"count":2,"href":"https:\/\/zonaroja.com.mx\/index.php?rest_route=\/wp\/v2\/posts\/24827\/revisions"}],"predecessor-version":[{"id":24831,"href":"https:\/\/zonaroja.com.mx\/index.php?rest_route=\/wp\/v2\/posts\/24827\/revisions\/24831"}],"wp:featuredmedia":[{"embeddable":true,"href":"https:\/\/zonaroja.com.mx\/index.php?rest_route=\/wp\/v2\/media\/24830"}],"wp:attachment":[{"href":"https:\/\/zonaroja.com.mx\/index.php?rest_route=%2Fwp%2Fv2%2Fmedia&parent=24827"}],"wp:term":[{"taxonomy":"category","embeddable":true,"href":"https:\/\/zonaroja.com.mx\/index.php?rest_route=%2Fwp%2Fv2%2Fcategories&post=24827"},{"taxonomy":"post_tag","embeddable":true,"href":"https:\/\/zonaroja.com.mx\/index.php?rest_route=%2Fwp%2Fv2%2Ftags&post=24827"}],"curies":[{"name":"wp","href":"https:\/\/api.w.org\/{rel}","templated":true}]}}