{"id":24834,"date":"2021-03-18T14:51:29","date_gmt":"2021-03-18T20:51:29","guid":{"rendered":"https:\/\/www.zonaroja.com.mx\/?p=24834"},"modified":"2021-03-18T19:56:35","modified_gmt":"2021-03-19T01:56:35","slug":"pide-diputado-investigar-presuntos-actos-de-corrupcion-en-los-sso","status":"publish","type":"post","link":"https:\/\/zonaroja.com.mx\/?p=24834","title":{"rendered":"Pide diputado investigar presuntos actos de corrupci\u00f3n en los SSO"},"content":{"rendered":"\n<p>Evlin Arag\u00f3n\/Zona Roja. <\/p>\n\n\n\n<p>Oaxaca de Ju\u00e1rez, Oax., 18 de marzo de 2021.- Tras las recientes protestas que se han registrado en la entidad, derivadas de presunto acto de corrupci\u00f3n al interior de los Servicios de Salud de Oaxaca, el diputado local por el Partido del Trabajo, C\u00e9sar Morales Ni\u00f1o, pidi\u00f3 una exhaustiva investigaci\u00f3n por parte del gobernador Alejandro Murat Hinojosa. <\/p>\n\n\n\n<p>Lo hizo mediante un exhorto que fue turnado a comisiones, en donde solicit\u00f3 que se investigue el actuar de Donato Casas Escamilla y Juan Carlos M\u00e1rquez Heine, extitular y secretario en funciones de la Secretaria de Salud respectivamente, debido a que en estos momentos enfrentan un pleito para ver qui\u00e9n es m\u00e1s corrupto. <\/p>\n\n\n\n<p>De acuerdo con el legislador, ambos personajes han salido a ventilar sus actos de corrupci\u00f3n, sin preocuparse por la ciudadan\u00eda que diario acude a consultas a los hospitales del estado y sin importarles que estamos en una situaci\u00f3n cr\u00edtica de emergencia por la pandemia de Covid-19. <\/p>\n\n\n\n<p>\u201cEstos dos personajes que son muy allegados al gobernador y que fueron propuestos por \u00e9l, han salido a ventilar sus actos de corrupci\u00f3n ante los medios de comunicaci\u00f3n, con acusaciones diarias de presuntas irregularidades, disput\u00e1ndose el bot\u00edn del sector salud\u201d, refiri\u00f3.  <\/p>\n\n\n\n<p>Y por si no fuera poco, la Auditoria Superior de la Federaci\u00f3n (ASF) se\u00f1al\u00f3 una seria afectaci\u00f3n al erario federal respecto a la no reintegraci\u00f3n al Fisco de 16 millones de pesos por parte del R\u00e9gimen Estatal de Protecci\u00f3n Social en Salud del Estado de Oaxaca (Seguro Popular).\u00a0<\/p>\n\n\n\n<figure class=\"wp-block-embed-twitter wp-block-embed is-type-rich is-provider-twitter\"><div class=\"wp-block-embed__wrapper\">\n<div class=\"twitter-tweet\"><blockquote class=\"twitter-tweet\" data-lang=\"es\"><p lang=\"es\" dir=\"ltr\"><a href=\"https:\/\/twitter.com\/hashtag\/OaxacaGris?src=hash&amp;ref_src=twsrc%5Etfw\">#OaxacaGris<\/a> <br>En entrevista, el diputado local <a href=\"https:\/\/twitter.com\/cesarmoralesn?ref_src=twsrc%5Etfw\">@cesarmoralesn<\/a> exigi\u00f3 que se investigue al actual titular de los <a href=\"https:\/\/twitter.com\/SSO_GobOax?ref_src=twsrc%5Etfw\">@SSO_GobOax<\/a>, <a href=\"https:\/\/twitter.com\/JC_MarquezH?ref_src=twsrc%5Etfw\">@JC_MarquezH<\/a>, y al anterior, <a href=\"https:\/\/twitter.com\/Donato_Casas?ref_src=twsrc%5Etfw\">@Donato_Casas<\/a>, por presuntos actos de corrupci\u00f3n y da\u00f1o al erario. <a href=\"https:\/\/t.co\/HwyVlzgOfW\">pic.twitter.com\/HwyVlzgOfW<\/a><\/p>&mdash; Zona Roja Oaxaca (@Zona_Roja_Oax) <a href=\"https:\/\/twitter.com\/Zona_Roja_Oax\/status\/1372644044065677319?ref_src=twsrc%5Etfw\">18 de marzo de 2021<\/a><\/blockquote><\/div>\n<\/div><\/figure>\n\n\n\n<p class=\"MsoNormal\">Conforme a los datos presentados, a la extinta instituci\u00f3n le fue etiquetado recurso para la atenci\u00f3n y detenci\u00f3n de c\u00e1ncer de mam\u00e1, que no fue del todo utilizado, toda vez que se contrat\u00f3 de manera directa a la empresa denominada Movimedical, S.A. de C.V., quien s\u00f3lo cumpli\u00f3 con poco m\u00e1s de 12 mil servicios, y dej\u00f3 sin aplicar 30 mil 346.&nbsp;<\/p>\n\n\n\n<p class=\"MsoNormal\">Por lo anterior, Morales Ni\u00f1o, exhort\u00f3 al Auditor Superior de la Federaci\u00f3n, para que d\u00e9 vista a la Fiscal\u00eda General de la Rep\u00fablica (FGR), as\u00ed como a la Unidad de Inteligencia Financiera del Gobierno Federal, por la compra parcial y\/o simulada de instrumentos de detecci\u00f3n de c\u00e1ncer, cometidos presuntamente por funcionarios del Sector Salud del Gobierno Estatal. <\/p>\n\n\n\n<p>En otro tema, el legislador propuso un exhorto al gobernador Alejandro Murat, a fin de que se prevengan acciones coordinadas con las instancias educativas, personal docente, padres y madres de familia, que permitan el regreso a clases de manera ordenada, antes que finalice el ciclo escolar 2020-2021, tal y como ha previsto el gobierno federal que suceda.&nbsp;&nbsp;<\/p>\n\n\n\n<p class=\"MsoNormal\">\u201cEs necesario que se platique con todos los sectores interesados, para generar propuestas, consensos, acuerdos y todas las estrategias institucionales que permitan un regreso a clases seguro, ordenado y con las medidas sanitarias adecuadas\u201d, indic\u00f3.  <\/p>\n","protected":false},"excerpt":{"rendered":"<p>Evlin Arag\u00f3n\/Zona Roja. Oaxaca de Ju\u00e1rez, Oax., 18 de marzo de 2021.- Tras las recientes&hellip;<\/p>\n","protected":false},"author":2,"featured_media":24833,"comment_status":"closed","ping_status":"open","sticky":false,"template":"","format":"standard","meta":{"_lmt_disableupdate":"","_lmt_disable":"","_jetpack_memberships_contains_paid_content":false,"footnotes":""},"categories":[109,46],"tags":[],"class_list":["post-24834","post","type-post","status-publish","format-standard","has-post-thumbnail","hentry","category-minuto-a-minuto","category-zona-blanca"],"jetpack_featured_media_url":"https:\/\/zonaroja.com.mx\/wp-content\/uploads\/2021\/03\/1cb0360f-cd68-4b47-b7e5-0418830d5621.jpg","jetpack_sharing_enabled":true,"_links":{"self":[{"href":"https:\/\/zonaroja.com.mx\/index.php?rest_route=\/wp\/v2\/posts\/24834","targetHints":{"allow":["GET"]}}],"collection":[{"href":"https:\/\/zonaroja.com.mx\/index.php?rest_route=\/wp\/v2\/posts"}],"about":[{"href":"https:\/\/zonaroja.com.mx\/index.php?rest_route=\/wp\/v2\/types\/post"}],"author":[{"embeddable":true,"href":"https:\/\/zonaroja.com.mx\/index.php?rest_route=\/wp\/v2\/users\/2"}],"replies":[{"embeddable":true,"href":"https:\/\/zonaroja.com.mx\/index.php?rest_route=%2Fwp%2Fv2%2Fcomments&post=24834"}],"version-history":[{"count":2,"href":"https:\/\/zonaroja.com.mx\/index.php?rest_route=\/wp\/v2\/posts\/24834\/revisions"}],"predecessor-version":[{"id":24847,"href":"https:\/\/zonaroja.com.mx\/index.php?rest_route=\/wp\/v2\/posts\/24834\/revisions\/24847"}],"wp:featuredmedia":[{"embeddable":true,"href":"https:\/\/zonaroja.com.mx\/index.php?rest_route=\/wp\/v2\/media\/24833"}],"wp:attachment":[{"href":"https:\/\/zonaroja.com.mx\/index.php?rest_route=%2Fwp%2Fv2%2Fmedia&parent=24834"}],"wp:term":[{"taxonomy":"category","embeddable":true,"href":"https:\/\/zonaroja.com.mx\/index.php?rest_route=%2Fwp%2Fv2%2Fcategories&post=24834"},{"taxonomy":"post_tag","embeddable":true,"href":"https:\/\/zonaroja.com.mx\/index.php?rest_route=%2Fwp%2Fv2%2Ftags&post=24834"}],"curies":[{"name":"wp","href":"https:\/\/api.w.org\/{rel}","templated":true}]}}