{"id":24843,"date":"2021-03-18T17:49:44","date_gmt":"2021-03-18T23:49:44","guid":{"rendered":"https:\/\/www.zonaroja.com.mx\/?p=24843"},"modified":"2021-03-18T19:46:27","modified_gmt":"2021-03-19T01:46:27","slug":"como-estaba-previsto-el-congreso-designa-a-arturo-peimbert-como-nuevo-fiscal-de-oaxaca","status":"publish","type":"post","link":"https:\/\/zonaroja.com.mx\/?p=24843","title":{"rendered":"Como estaba previsto, el Congreso designa a Arturo Peimbert como nuevo fiscal de Oaxaca"},"content":{"rendered":"\n<p class=\"MsoNormal\">Yuridiana Sosa\/ZonaRoja. <\/p>\n\n\n\n<p class=\"MsoNormal\">Oaxaca de Ju\u00e1rez, Oax., 18 de marzo de 2021.- Como se ten\u00eda previsto d\u00edas atr\u00e1s, Arturo de Jes\u00fas Peimbert Calvo fue designado y tom\u00f3 protesta esta tarde como el nuevo titular de la Fiscal\u00eda General del Estado de Oaxaca, por parte del Congreso de Oaxaca.<\/p>\n\n\n\n<p class=\"MsoNormal\">En sesi\u00f3n extraordinaria&nbsp;<a href=\"\/\/1\">este jueves<\/a>, la 64 Legislatura del Congreso de Oaxaca eligi\u00f3 con 33 votos \u2013depositados en una urna- a favor al ex defensor de derechos humanos de Oaxaca.<\/p>\n\n\n\n<p class=\"MsoNormal\">La elecci\u00f3n del nuevo fiscal de Oaxaca se registr\u00f3 en un proceso desarrollado entre&nbsp;<a href=\"\/\/2\">este mi\u00e9rcoles<\/a>&nbsp;y jueves, en el que primero la 64 Legislatura del Congreso de Oaxaca remiti\u00f3 la lista de 16 aspirantes a la titularidad de la Fiscal\u00eda General del Estado de Oaxaca al Poder Ejecutivo y anoche mismo, el gobernador Alejandro Murat seleccion\u00f3 su terna, enviada al Congreso.&nbsp;<\/p>\n\n\n\n<p class=\"MsoNormal\">Previo a la elecci\u00f3n, la Comisi\u00f3n Permanente de Administraci\u00f3n y Procuraci\u00f3n de Justicia entrevist\u00f3 a los tres aspirantes, Arturo de Jes\u00fas Peimbert Calvo, Marcos Antonio Mart\u00ednez Guzm\u00e1n y Elvira Morales P\u00e9rez.<\/p>\n\n\n\n<p class=\"MsoNormal\">Peimbert Calvo sustituye a Rub\u00e9n Vasconcelos M\u00e9ndez, quien de manera voluntaria renunci\u00f3 al cargo el pasado 5 de marzo.<\/p>\n\n\n\n<p class=\"MsoNormal\">El nuevo fiscal se\u00f1al\u00f3 que tendr\u00e1 que restablecer un modelo en la Fiscal\u00eda General de Oaxaca con m\u00e1s perspectiva de protecci\u00f3n de los derechos humanos para la aplicaci\u00f3n de justicia.<\/p>\n\n\n\n<p class=\"MsoNormal\">Dijo que ser\u00e1 un fiscal de derecho, \u201cvamos a aplicar una pol\u00edtica de atenci\u00f3n p\u00fablica, que ponga en el centro de nuestra gesti\u00f3n a las v\u00edctimas y de manera preponderante a las mujeres\u201d.\u00a0<\/p>\n\n\n\n<figure class=\"wp-block-embed-twitter wp-block-embed is-type-rich is-provider-twitter\"><div class=\"wp-block-embed__wrapper\">\n<div class=\"twitter-tweet\"><blockquote class=\"twitter-tweet\" data-lang=\"es\"><p lang=\"es\" dir=\"ltr\"><a href=\"https:\/\/twitter.com\/hashtag\/ENVIVO?src=hash&amp;ref_src=twsrc%5Etfw\">#ENVIVO<\/a><br>San Raymundo Jalpan, Oax., 18 de marzo de 2021.- Reanuda la sesi\u00f3n extraordinaria de la 64 Legislatura de Oaxaca, para elegir al titular de la Fiscal\u00eda General del Estado.<br>Aqu\u00ed la transmisi\u00f3n: <br>\ud83d\udc47<a href=\"https:\/\/t.co\/ceiZoHvDOV\">https:\/\/t.co\/ceiZoHvDOV<\/a> <a href=\"https:\/\/t.co\/nGMUOz1Tj1\">pic.twitter.com\/nGMUOz1Tj1<\/a><\/p>&mdash; Zona Roja Oaxaca (@Zona_Roja_Oax) <a href=\"https:\/\/twitter.com\/Zona_Roja_Oax\/status\/1372679673654747136?ref_src=twsrc%5Etfw\">18 de marzo de 2021<\/a><\/blockquote><\/div>\n<\/div><\/figure>\n\n\n\n<p class=\"MsoNormal\">PERFIL DEL NUEVO FISCAL<\/p>\n\n\n\n<p class=\"MsoNormal\">Arturo Peimbert Calvo fungi\u00f3 como el primer titular de la Defensor\u00eda de Derechos Humanos del Pueblo de Oaxaca, de 2012 a 2019.<\/p>\n\n\n\n<p class=\"MsoNormal\">Al frente de la DDHPO solicit\u00f3 a la Comisi\u00f3n Interamericana de Derechos Humanos medidas cautelares para las v\u00edctimas y sus familias por los hechos violentos ocurridos en Asunci\u00f3n Nochixtl\u00e1n, el 19 de junio de 2016.<\/p>\n\n\n\n<p class=\"MsoNormal\">As\u00ed tambi\u00e9n, en 2017&nbsp;solicit\u00f3 para Oaxaca la Alerta por Violencia de G\u00e9nero, que se emiti\u00f3 hasta en agosto de 2018.<\/p>\n\n\n\n<p class=\"MsoNormal\">Mientras que, antes de acabar su gesti\u00f3n en la DDHPO, en mayo de 2019 present\u00f3 ante la Corte Penal Internacional de La Haya, en Holanda, una queja por cr\u00edmenes de lesa humanidad cometidos contra de la ciudadan\u00eda de Oaxaca en 2006 y 2007 por el Estado Mexicano, espec\u00edfico por el exgobernador de Oaxaca, Ulises Ruiz Ortiz; los expresidentes de M\u00e9xico, Felipe Calder\u00f3n Hinojosa y Vicente Fox Quezada por sus omisiones al investigar posibles cr\u00edmenes de lesa humanidad.<\/p>\n\n\n\n<p class=\"MsoNormal\">En su curr\u00edculum se presume de su intermediaci\u00f3n y planeaci\u00f3n de una mesa de di\u00e1logo entre los gobiernos federal y estatal con el movimiento social denominado APPO.<\/p>\n\n\n\n<figure class=\"wp-block-embed-twitter wp-block-embed is-type-rich is-provider-twitter\"><div class=\"wp-block-embed__wrapper\">\n<div class=\"twitter-tweet\"><blockquote class=\"twitter-tweet\" data-lang=\"es\"><p lang=\"es\" dir=\"ltr\"><a href=\"https:\/\/twitter.com\/hashtag\/%C3%9AltimoMinuto?src=hash&amp;ref_src=twsrc%5Etfw\">#\u00daltimoMinuto<\/a> <br>Con 33 votos a favor, el <a href=\"https:\/\/twitter.com\/CongresoOaxLXIV?ref_src=twsrc%5Etfw\">@CongresoOaxLXIV<\/a> designa a <a href=\"https:\/\/twitter.com\/PeimbertArturo?ref_src=twsrc%5Etfw\">@PeimbertArturo<\/a> como titular de la <a href=\"https:\/\/twitter.com\/FISCALIA_GobOax?ref_src=twsrc%5Etfw\">@FISCALIA_GobOax<\/a>, en sustituci\u00f3n de <a href=\"https:\/\/twitter.com\/RVasconcelosM?ref_src=twsrc%5Etfw\">@RVasconcelosM<\/a>. <a href=\"https:\/\/t.co\/nkasuNdy43\">pic.twitter.com\/nkasuNdy43<\/a><\/p>&mdash; Zona Roja Oaxaca (@Zona_Roja_Oax) <a href=\"https:\/\/twitter.com\/Zona_Roja_Oax\/status\/1372690956839960581?ref_src=twsrc%5Etfw\">18 de marzo de 2021<\/a><\/blockquote><\/div>\n<\/div><\/figure>\n\n\n\n<p class=\"MsoNormal\">DESAPRUEBAN SU GESTI\u00d3N<\/p>\n\n\n\n<p class=\"MsoNormal\">Pero, Peimbert Calvo tambi\u00e9n recibi\u00f3 fuertes cr\u00edticas al t\u00e9rmino de gesti\u00f3n en la DDHPO por parte de organismos sociales y civiles y consideraron que dej\u00f3 una Defensor\u00eda al servicio del Poder Ejecutivo.<\/p>\n\n\n\n<p class=\"MsoNormal\">En octubre de 2019, tras darse a conocer que formaba parte de la terna de candidatos para presidir la Comisi\u00f3n Nacional de los Derechos Humanos (CNDH), organizaciones como Consocio Oaxaca y Asamblea Permanente de V\u00edctimas, Sobrevivientes y Expresos Pol\u00edticos de Oaxaca rechazaron la posibilidad que Arturo Peimbert la encabezara.<\/p>\n\n\n\n<p class=\"MsoNormal\">Por lo que demandaron a la Comisi\u00f3n de Derechos Humanos y de Justicia del Senado que no le otorgaran la titularidad.&nbsp;<\/p>\n\n\n\n<p class=\"MsoNormal\">Durante el proceso actual, tambi\u00e9n los grupos feministas expresaron su descontento por su posible selecci\u00f3n. Entre ellas la periodista Soledad Jarqu\u00edn como v\u00edctima del feminicidio de su hija Mar\u00eda del Sol.\u00a0<\/p>\n\n\n\n<figure class=\"wp-block-embed-twitter wp-block-embed is-type-rich is-provider-twitter\"><div class=\"wp-block-embed__wrapper\">\n<div class=\"twitter-tweet\"><blockquote class=\"twitter-tweet\" data-lang=\"es\"><p lang=\"es\" dir=\"ltr\"><a href=\"https:\/\/twitter.com\/hashtag\/%C3%9AltimoMinuto?src=hash&amp;ref_src=twsrc%5Etfw\">#\u00daltimoMinuto<\/a> <br>Estas son las primeras palabras del titular de la <a href=\"https:\/\/twitter.com\/FISCALIA_GobOax?ref_src=twsrc%5Etfw\">@FISCALIA_GobOax<\/a>, <a href=\"https:\/\/twitter.com\/PeimbertArturo?ref_src=twsrc%5Etfw\">@PeimbertArturo<\/a>, una vez que el pleno del <a href=\"https:\/\/twitter.com\/CongresoOaxLXIV?ref_src=twsrc%5Etfw\">@CongresoOaxLXIV<\/a> aprob\u00f3 su designaci\u00f3n con 33 votos. <a href=\"https:\/\/t.co\/InVOvivPKy\">pic.twitter.com\/InVOvivPKy<\/a><\/p>&mdash; Zona Roja Oaxaca (@Zona_Roja_Oax) <a href=\"https:\/\/twitter.com\/Zona_Roja_Oax\/status\/1372694006648422404?ref_src=twsrc%5Etfw\">18 de marzo de 2021<\/a><\/blockquote><\/div>\n<\/div><\/figure>\n\n\n\n<p class=\"MsoNormal\">OTROS PERFILES<\/p>\n\n\n\n<p class=\"MsoNormal\">En la terna final enviada por el gobernador Alejandro Murat tambi\u00e9n se contempl\u00f3 a Marcos Mart\u00ednez Guzm\u00e1n, que recibi\u00f3 un voto.&nbsp;<\/p>\n\n\n\n<p class=\"MsoNormal\">Mart\u00ednez Guzm\u00e1n ha fungido como subprocurador de la Costa; director de Averiguaciones Previas. En dos ocasiones ha sido Secretario Municipal del Ayuntamiento de Oaxaca de Ju\u00e1rez.<\/p>\n\n\n\n<p class=\"MsoNormal\">As\u00ed como coordinador de Valles Centrales y subsecretario de Fortalecimiento Municipal de la Secretar\u00eda General de Gobierno; director jur\u00eddico de la Secretar\u00eda de Movilidad y abogado litigante.<\/p>\n\n\n\n<p class=\"MsoNormal\">Mientras que Elvira Morales P\u00e9rez recibi\u00f3 un votos a favor.<\/p>\n","protected":false},"excerpt":{"rendered":"<p>Yuridiana Sosa\/ZonaRoja. Oaxaca de Ju\u00e1rez, Oax., 18 de marzo de 2021.- Como se ten\u00eda previsto&hellip;<\/p>\n","protected":false},"author":2,"featured_media":24842,"comment_status":"closed","ping_status":"open","sticky":false,"template":"","format":"standard","meta":{"_lmt_disableupdate":"","_lmt_disable":"","_jetpack_memberships_contains_paid_content":false,"footnotes":""},"categories":[109,46],"tags":[2532],"class_list":["post-24843","post","type-post","status-publish","format-standard","has-post-thumbnail","hentry","category-minuto-a-minuto","category-zona-blanca","tag-arturo-peimbert-calvo"],"jetpack_featured_media_url":"https:\/\/zonaroja.com.mx\/wp-content\/uploads\/2021\/03\/53f03979-1d43-4443-9f49-98baceb8b305.jpg","jetpack_sharing_enabled":true,"_links":{"self":[{"href":"https:\/\/zonaroja.com.mx\/index.php?rest_route=\/wp\/v2\/posts\/24843","targetHints":{"allow":["GET"]}}],"collection":[{"href":"https:\/\/zonaroja.com.mx\/index.php?rest_route=\/wp\/v2\/posts"}],"about":[{"href":"https:\/\/zonaroja.com.mx\/index.php?rest_route=\/wp\/v2\/types\/post"}],"author":[{"embeddable":true,"href":"https:\/\/zonaroja.com.mx\/index.php?rest_route=\/wp\/v2\/users\/2"}],"replies":[{"embeddable":true,"href":"https:\/\/zonaroja.com.mx\/index.php?rest_route=%2Fwp%2Fv2%2Fcomments&post=24843"}],"version-history":[{"count":2,"href":"https:\/\/zonaroja.com.mx\/index.php?rest_route=\/wp\/v2\/posts\/24843\/revisions"}],"predecessor-version":[{"id":24846,"href":"https:\/\/zonaroja.com.mx\/index.php?rest_route=\/wp\/v2\/posts\/24843\/revisions\/24846"}],"wp:featuredmedia":[{"embeddable":true,"href":"https:\/\/zonaroja.com.mx\/index.php?rest_route=\/wp\/v2\/media\/24842"}],"wp:attachment":[{"href":"https:\/\/zonaroja.com.mx\/index.php?rest_route=%2Fwp%2Fv2%2Fmedia&parent=24843"}],"wp:term":[{"taxonomy":"category","embeddable":true,"href":"https:\/\/zonaroja.com.mx\/index.php?rest_route=%2Fwp%2Fv2%2Fcategories&post=24843"},{"taxonomy":"post_tag","embeddable":true,"href":"https:\/\/zonaroja.com.mx\/index.php?rest_route=%2Fwp%2Fv2%2Ftags&post=24843"}],"curies":[{"name":"wp","href":"https:\/\/api.w.org\/{rel}","templated":true}]}}