{"id":2485,"date":"2019-07-24T18:27:06","date_gmt":"2019-07-24T23:27:06","guid":{"rendered":"http:\/\/www.zonaroja.com.mx\/?p=2485"},"modified":"2019-07-24T18:27:08","modified_gmt":"2019-07-24T23:27:08","slug":"salir-del-lugar-de-origen-para-triunfar-recomienda-la-soprano-maria-reyna","status":"publish","type":"post","link":"https:\/\/zonaroja.com.mx\/?p=2485","title":{"rendered":"Salir del lugar de origen para triunfar, recomienda la soprano Mar\u00eda Reyna"},"content":{"rendered":"\n<p>Evlin Arag\u00f3n<\/p>\n\n\n\n<p>Oaxaca de\nJu\u00e1rez, Oax., 24 de julio de 2019.- Para triunfar a nivel nacional o\ninternacional, hay que dejar el lugar de origen, hay que salir, buscar los\nsue\u00f1os, hay que darse a conocer; los apoyos son importantes, pero m\u00e1s el\nesfuerzo personal.<\/p>\n\n\n\n<p>Esa fue lo\nque hizo la reconocida soprano Mar\u00eda Reyna, originaria de Santa Mar\u00eda Tlahuitoltepec\nMixe, quien cerrar\u00e1 las festividades de la Guelaguetza 2019 con un concierto el\npr\u00f3ximo 31 de julio en el teatro \u201cMacedonio Alcal\u00e1\u201d y donde estar\u00e1 acompa\u00f1ada\ndel maestro pianista Joaqu\u00edn Garz\u00f3n Rivera.<\/p>\n\n\n\n<p>\u201cEs dif\u00edcil\nconseguir el apoyo, de forma particular al ser una mujer ind\u00edgena; sin duda hay\nque trabajar mucho, pero los resultados siempre soy maravillosos\u201d, manifest\u00f3 la\ncantante internacional, en conferencia de prensa.<\/p>\n\n\n\n<p>La\ninterpretaci\u00f3n del pr\u00f3ximo mi\u00e9rcoles de la oaxaque\u00f1a lleva por nombre \u00d3pera\nMixe: \u201cOrgullosa soy ra\u00edz\u201d, que consiste en un amplio repertorio de melod\u00edas en\nlenguas mixe, mixteco, maya, zapoteco y espa\u00f1ol, con la firme intenci\u00f3n de\nconectar con los sentido y el alma de las y los espectadores.<\/p>\n\n\n\n<p>\u201cVamos a\nescuchar canciones hechas exclusivamente para este concierto en cinco lenguas\nind\u00edgenas y poemas de mujeres destacadas como Irma Pineda y Nadia L\u00f3pez,\nhaciendo una fusi\u00f3n \u00fanica\u201d dijo la soprano oaxaque\u00f1a en conferencia de prensa.<\/p>\n\n\n\n<p>Explic\u00f3 que\nse trata de un proyecto en constante estudio, b\u00fasqueda y recuperaci\u00f3n de\nletras, textos, poemas y dem\u00e1s escritos, dignos de ser musicalizados en su\nforma original primigenia y ser presentado ante el mundo. <\/p>\n\n\n\n<p>As\u00ed mismo,\ndetall\u00f3 que durante este a\u00f1o ya se present\u00f3 en el Festival de la Primera\nMuestra Ling\u00fc\u00edstica, organizado por la Secretar\u00eda de Pueblos y Barrios\nOriginarios y Comunidades Ind\u00edgenas Residentes (SEPI) en el z\u00f3calo de la Ciudad\nde M\u00e9xico, as\u00ed como en el Teatro \u201cEsperanza Iris\u201d, entre otros.<\/p>\n\n\n\n<p>En la\ncapital oaxaque\u00f1a, este espect\u00e1culo musical contar\u00e1 con la presencia de Carlos\nBaz\u00e1n en el contrabajo, Jorge Galindo en las percusiones, Jorge Jos\u00e9 en el clarinete\/sax,\nRodrigo Garz\u00f3n en los teclados, todos bajo la direcci\u00f3n de Joaqu\u00edn Garz\u00f3n,\nquienes acompa\u00f1ar\u00e1n a la oaxaque\u00f1a el pr\u00f3ximo mi\u00e9rcoles en punto de las 19:00\nhoras.<\/p>\n\n\n\n<p>La soprano Mar\u00eda Reyna se ha presentado en varios escenarios oaxaque\u00f1os recientemente, en donde ha demostrado su calidad vocal y su talento musical que la han llevado a obtener reconocimientos incluso fuera del pa\u00eds, lo anterior desde su punto de vista aunque no ha sido f\u00e1cil, los resultados cuenta han sido maravillosos.<\/p>\n\n\n\n<figure class=\"wp-block-embed-twitter wp-block-embed is-type-rich is-provider-twitter\"><div class=\"wp-block-embed__wrapper\">\n<div class=\"twitter-tweet\"><blockquote class=\"twitter-tweet\" data-lang=\"es\"><p lang=\"es\" dir=\"ltr\">La extraordinaria soprano Mixe, <a href=\"https:\/\/twitter.com\/mariareynaof?ref_src=twsrc%5Etfw\">@mariareynaof<\/a>, dar\u00e1 un concierto gratuito para oaxaque\u00f1os, aqu\u00ed los detalles en su propia voz, con una muestra de su talento: <a href=\"https:\/\/t.co\/Cp8I4VXAJh\">pic.twitter.com\/Cp8I4VXAJh<\/a><\/p>&mdash; Zona Roja Oaxaca (@MexRoja) <a href=\"https:\/\/twitter.com\/MexRoja\/status\/1154055513287606272?ref_src=twsrc%5Etfw\">24 de julio de 2019<\/a><\/blockquote><\/div>\n<\/div><\/figure>\n","protected":false},"excerpt":{"rendered":"<p>Evlin Arag\u00f3n Oaxaca de Ju\u00e1rez, Oax., 24 de julio de 2019.- Para triunfar a nivel&hellip;<\/p>\n","protected":false},"author":2,"featured_media":2486,"comment_status":"closed","ping_status":"open","sticky":false,"template":"","format":"standard","meta":{"_lmt_disableupdate":"","_lmt_disable":"","_jetpack_memberships_contains_paid_content":false,"footnotes":""},"categories":[109,49],"tags":[393],"class_list":["post-2485","post","type-post","status-publish","format-standard","has-post-thumbnail","hentry","category-minuto-a-minuto","category-zona-fresa","tag-concierto-soprano-maria-reyna-oaxaca"],"jetpack_featured_media_url":"https:\/\/zonaroja.com.mx\/wp-content\/uploads\/2019\/07\/635d90cb-9e61-41c9-b22d-c287eb8f3242.jpg","jetpack_sharing_enabled":true,"_links":{"self":[{"href":"https:\/\/zonaroja.com.mx\/index.php?rest_route=\/wp\/v2\/posts\/2485","targetHints":{"allow":["GET"]}}],"collection":[{"href":"https:\/\/zonaroja.com.mx\/index.php?rest_route=\/wp\/v2\/posts"}],"about":[{"href":"https:\/\/zonaroja.com.mx\/index.php?rest_route=\/wp\/v2\/types\/post"}],"author":[{"embeddable":true,"href":"https:\/\/zonaroja.com.mx\/index.php?rest_route=\/wp\/v2\/users\/2"}],"replies":[{"embeddable":true,"href":"https:\/\/zonaroja.com.mx\/index.php?rest_route=%2Fwp%2Fv2%2Fcomments&post=2485"}],"version-history":[{"count":1,"href":"https:\/\/zonaroja.com.mx\/index.php?rest_route=\/wp\/v2\/posts\/2485\/revisions"}],"predecessor-version":[{"id":2487,"href":"https:\/\/zonaroja.com.mx\/index.php?rest_route=\/wp\/v2\/posts\/2485\/revisions\/2487"}],"wp:featuredmedia":[{"embeddable":true,"href":"https:\/\/zonaroja.com.mx\/index.php?rest_route=\/wp\/v2\/media\/2486"}],"wp:attachment":[{"href":"https:\/\/zonaroja.com.mx\/index.php?rest_route=%2Fwp%2Fv2%2Fmedia&parent=2485"}],"wp:term":[{"taxonomy":"category","embeddable":true,"href":"https:\/\/zonaroja.com.mx\/index.php?rest_route=%2Fwp%2Fv2%2Fcategories&post=2485"},{"taxonomy":"post_tag","embeddable":true,"href":"https:\/\/zonaroja.com.mx\/index.php?rest_route=%2Fwp%2Fv2%2Ftags&post=2485"}],"curies":[{"name":"wp","href":"https:\/\/api.w.org\/{rel}","templated":true}]}}