{"id":24851,"date":"2021-03-18T21:52:42","date_gmt":"2021-03-19T03:52:42","guid":{"rendered":"http:\/\/www.zonaroja.com.mx\/?p=24851"},"modified":"2021-03-18T21:52:47","modified_gmt":"2021-03-19T03:52:47","slug":"siguen-protestas-en-oaxaca-ahora-son-por-procesos-electorales","status":"publish","type":"post","link":"https:\/\/zonaroja.com.mx\/?p=24851","title":{"rendered":"Siguen protestas en Oaxaca; ahora son por procesos electorales"},"content":{"rendered":"\n<p>Yuridiana Sosa\/Zona Roja.<\/p>\n\n\n\n<p>Oaxaca de Ju\u00e1rez, de Oax., 18 de marzo de 2021.- Las movilizaciones continuaron este jueves en la capital de Oaxaca por cuarto d\u00eda consecutivo, en la que ahora las jornadas electorales fueron el motivo.<\/p>\n\n\n\n<p>Militantes de Morena, del municipio de Santiago Juxtlahuaca, protestaron en la sede del partido en rechazo al registro de Arsenio Mej\u00eda Garc\u00eda como aspirante a la candidatura de la presidencia de ese municipio, pues es un pol\u00edtico que ha sido diputado por el Partido Revolucionario Institucional (PRI) y actualmente es legislador por el Partido Encuentro Social.<\/p>\n\n\n\n<p>Los inconformes, entre ellos un aspirante a la candidatura identificado como Francisco Silvino Bersa\u00edn Rivera, exigieron al Consejo Nacional de Morena elegir como candidato a un morenista.<\/p>\n\n\n\n<p>Para exhibir los or\u00edgenes partidistas de Arsenio Mejia, actual presidente de la Mesa Directiva del Congreso del Estado, los manifestantes llegaron a las oficinas de Morena en la capital del estado con lonas de propaganda pol\u00edtica del PRI y audios de spots, que ocup\u00f3 el aspirante en procesos electorales pasados.<\/p>\n\n\n\n<p>\u201c\u00a1Fuera Arsenio de Morena!\u201d\u00a0 \u201c\u00a1No a la imposici\u00f3n!\u201d, expresaron los inconformes, pues, adem\u00e1s, sus influencias pol\u00edticas le dieron la oportunidad de ser entre los primeros registrados en las listas de Morena para la candidatura de Juxtlahuaca.<\/p>\n\n\n\n<figure class=\"wp-block-embed-twitter wp-block-embed is-type-rich is-provider-twitter\"><div class=\"wp-block-embed__wrapper\">\n<div class=\"twitter-tweet\"><blockquote class=\"twitter-tweet\" data-lang=\"es\"><p lang=\"es\" dir=\"ltr\"><a href=\"https:\/\/twitter.com\/hashtag\/ENVIVO?src=hash&amp;ref_src=twsrc%5Etfw\">#ENVIVO<\/a> <br>Oaxaca de Ju\u00e1rez, Oax.. 18 de marzo de 2021.- Militantes de Morena protestan en las oficinas del partido para denunciar la imposici\u00f3n de un candidato del PRI, Arsenio Mej\u00eda, para la presidencia de Santiago Juxtlahuaca. <br>Aqu\u00ed la transmisi\u00f3n:<br>\ud83d\udc47<a href=\"https:\/\/t.co\/kyJCcNKd50\">https:\/\/t.co\/kyJCcNKd50<\/a> <a href=\"https:\/\/t.co\/0617tvyxGZ\">pic.twitter.com\/0617tvyxGZ<\/a><\/p>&mdash; Zona Roja Oaxaca (@Zona_Roja_Oax) <a href=\"https:\/\/twitter.com\/Zona_Roja_Oax\/status\/1372619410683297792?ref_src=twsrc%5Etfw\">18 de marzo de 2021<\/a><\/blockquote><\/div>\n<\/div><\/figure>\n\n\n\n<p>COMUNIDADES DE LA SIERRA<\/p>\n\n\n\n<p>Por otra parte, habitantes de Santiago Atitl\u00e1n, municipio de la Sierra Norte, se manifestaron en el Tribunal Electoral del Estado de Oaxaca (TEEO), en la colonia Reforma de la capital, para exigir el desconocimiento del proceso electoral del mes de noviembre y ordene una nueva jornada.<\/p>\n\n\n\n<p>El agente municipal de Estancia de Morelos, Epifanio Mendoza Galv\u00e1n, se\u00f1al\u00f3 que su comunidad ni sus vecinos de la agencia de El Rodeo fueron convocados a la jornada electoral desarrollada por Sistemas Normativos Internos (SIN).<\/p>\n\n\n\n<p>Esta determinaci\u00f3n de las autoridades locales despert\u00f3 el descontento de la agencia con el mayor n\u00famero de poblaci\u00f3n, con m\u00e1s de mil votantes, por lo que desde ayer mi\u00e9rcoles comenzaron con sus movilizaciones.<\/p>\n\n\n\n<p>Tambi\u00e9n piden que las autoridades estatales intervengan para que el gobierno municipal aplique la distribuci\u00f3n de los recursos que les corresponden, pues aseguran que hasta la fecha no han recibido los correspondientes a este a\u00f1o y en a\u00f1os anteriores no se han entregado en tiempo y forma.<\/p>\n\n\n\n<figure class=\"wp-block-embed-twitter wp-block-embed is-type-rich is-provider-twitter\"><div class=\"wp-block-embed__wrapper\">\n<div class=\"twitter-tweet\"><blockquote class=\"twitter-tweet\" data-lang=\"es\"><p lang=\"es\" dir=\"ltr\"><a href=\"https:\/\/twitter.com\/hashtag\/ENVIVO?src=hash&amp;ref_src=twsrc%5Etfw\">#ENVIVO<\/a> <br>Oaxaca de Ju\u00e1rez, Oax., 18 de marzo de 2021. Protesta de pobladores de agencias de Santiago Atitl\u00e1n, para exigir al Tribunal Electoral de <a href=\"https:\/\/twitter.com\/hashtag\/Oaxaca?src=hash&amp;ref_src=twsrc%5Etfw\">#Oaxaca<\/a> que no valide la elecci\u00f3n de sus autoridades municipales.<br><br>Aqu\u00ed la transmisi\u00f3n:<br>\ud83d\udc47<a href=\"https:\/\/t.co\/Bl9Y57D0Pc\">https:\/\/t.co\/Bl9Y57D0Pc<\/a> <a href=\"https:\/\/t.co\/9nZsQkDbyW\">pic.twitter.com\/9nZsQkDbyW<\/a><\/p>&mdash; Zona Roja Oaxaca (@Zona_Roja_Oax) <a href=\"https:\/\/twitter.com\/Zona_Roja_Oax\/status\/1372595009048825857?ref_src=twsrc%5Etfw\">18 de marzo de 2021<\/a><\/blockquote><\/div>\n<\/div><\/figure>\n","protected":false},"excerpt":{"rendered":"<p>Yuridiana Sosa\/Zona Roja. Oaxaca de Ju\u00e1rez, de Oax., 18 de marzo de 2021.- Las movilizaciones&hellip;<\/p>\n","protected":false},"author":2,"featured_media":24852,"comment_status":"closed","ping_status":"open","sticky":false,"template":"","format":"standard","meta":{"_lmt_disableupdate":"","_lmt_disable":"","_jetpack_memberships_contains_paid_content":false,"footnotes":""},"categories":[109,47],"tags":[2254],"class_list":["post-24851","post","type-post","status-publish","format-standard","has-post-thumbnail","hentry","category-minuto-a-minuto","category-zona-gris","tag-protestas-y-bloqueos-oaxaca"],"jetpack_featured_media_url":"https:\/\/zonaroja.com.mx\/wp-content\/uploads\/2021\/03\/Protesta-Juxtlahuaca-Arsenio.jpg","jetpack_sharing_enabled":true,"_links":{"self":[{"href":"https:\/\/zonaroja.com.mx\/index.php?rest_route=\/wp\/v2\/posts\/24851","targetHints":{"allow":["GET"]}}],"collection":[{"href":"https:\/\/zonaroja.com.mx\/index.php?rest_route=\/wp\/v2\/posts"}],"about":[{"href":"https:\/\/zonaroja.com.mx\/index.php?rest_route=\/wp\/v2\/types\/post"}],"author":[{"embeddable":true,"href":"https:\/\/zonaroja.com.mx\/index.php?rest_route=\/wp\/v2\/users\/2"}],"replies":[{"embeddable":true,"href":"https:\/\/zonaroja.com.mx\/index.php?rest_route=%2Fwp%2Fv2%2Fcomments&post=24851"}],"version-history":[{"count":1,"href":"https:\/\/zonaroja.com.mx\/index.php?rest_route=\/wp\/v2\/posts\/24851\/revisions"}],"predecessor-version":[{"id":24853,"href":"https:\/\/zonaroja.com.mx\/index.php?rest_route=\/wp\/v2\/posts\/24851\/revisions\/24853"}],"wp:featuredmedia":[{"embeddable":true,"href":"https:\/\/zonaroja.com.mx\/index.php?rest_route=\/wp\/v2\/media\/24852"}],"wp:attachment":[{"href":"https:\/\/zonaroja.com.mx\/index.php?rest_route=%2Fwp%2Fv2%2Fmedia&parent=24851"}],"wp:term":[{"taxonomy":"category","embeddable":true,"href":"https:\/\/zonaroja.com.mx\/index.php?rest_route=%2Fwp%2Fv2%2Fcategories&post=24851"},{"taxonomy":"post_tag","embeddable":true,"href":"https:\/\/zonaroja.com.mx\/index.php?rest_route=%2Fwp%2Fv2%2Ftags&post=24851"}],"curies":[{"name":"wp","href":"https:\/\/api.w.org\/{rel}","templated":true}]}}