{"id":24857,"date":"2021-03-18T22:21:19","date_gmt":"2021-03-19T04:21:19","guid":{"rendered":"http:\/\/www.zonaroja.com.mx\/?p=24857"},"modified":"2021-03-18T22:21:23","modified_gmt":"2021-03-19T04:21:23","slug":"en-dos-dias-aumentan-de-4-a-7-los-hospitales-llenos-por-covid-en-oaxaca","status":"publish","type":"post","link":"https:\/\/zonaroja.com.mx\/?p=24857","title":{"rendered":"En dos d\u00edas, aumentan de 4 a 7 los hospitales llenos por Covid en Oaxaca"},"content":{"rendered":"\n<p>Redacci\u00f3n\/Zona Roja.<\/p>\n\n\n\n<p>Oaxaca de Ju\u00e1rez, Oax. 18 de marzo de 2021.- El Covid en Oaxaca repunta. Hace dos d\u00edas, s\u00f3lo hab\u00eda cuatro hospitales llenos con pacientes contagiados y este jueves sumaron siete, de acuerdo con los Servicios de Salud de la entidad. En las \u00faltimas 24 horas fallecieron 12 personas y se notificaron 155 casos positivos.<\/p>\n\n\n\n<p>En un comunicado de prensa, la instituci\u00f3n inform\u00f3 que la red m\u00e9dica en la entidad notific\u00f3 el 38.4% de ocupaci\u00f3n de camas y 17 personas fueron hospitalizadas en las \u00faltimas 24 horas.<\/p>\n\n\n\n<p>Por Jurisdicci\u00f3n Sanitaria, agreg\u00f3 que Valles Centrales contabiliz\u00f3 el 51% de saturaci\u00f3n hospitalaria, Istmo 19.2%, Tuxtepec 36.5%, Costa 25%, Mixteca 31.6% y Sierra 22.2%.<\/p>\n\n\n\n<p>Asimismo, dijo, que el territorio oaxaque\u00f1o acumul\u00f3 42 mil 716 casos positivos de Covid-19 y un total de tres mil 101 defunciones, adem\u00e1s de 510 activos y 39 mil 105 personas recuperadas.<\/p>\n\n\n\n<p>Indic\u00f3 que los 155 pacientes nuevos notificados este jueves, pertenecen a 39 municipios; las zonas urbanas contin\u00faan concentrando la mayor incidencia, principalmente Oaxaca de Ju\u00e1rez con 52 casos, Santa Cruz Xoxocotl\u00e1n con 17, Villa de Zaachila con nueve y Santa Luc\u00eda del Camino con ocho, el resto cinco, cuatro, tres, dos y uno. El ayuntamiento de San Melchor Betaza reporta por primera vez un contagio.<\/p>\n\n\n\n<p>Mencion\u00f3 que respecto a las personas que han recibido el alta m\u00e9dica, 27 mil 374 pertenecen a Valles Centrales, dos mil 960 al Istmo, dos mil 315 a Tuxtepec, mil 857 a la Costa, tres mil 246 a la Mixteca, y mil 353 a la Sierra.<\/p>\n\n\n\n<figure class=\"wp-block-embed-twitter wp-block-embed is-type-rich is-provider-twitter\"><div class=\"wp-block-embed__wrapper\">\n<div class=\"twitter-tweet\"><blockquote class=\"twitter-tweet\" data-lang=\"es\"><p lang=\"es\" dir=\"ltr\"><a href=\"https:\/\/twitter.com\/hashtag\/%C3%9AltimoMinuto?src=hash&amp;ref_src=twsrc%5Etfw\">#\u00daltimoMinuto<\/a><br>En <a href=\"https:\/\/twitter.com\/hashtag\/Oaxaca?src=hash&amp;ref_src=twsrc%5Etfw\">#Oaxaca<\/a>, seg\u00fan los Servicios de Salud, este jueves se registraron 155 casos positivos, para un acumulado de 42 mil 716 casos confirmados; tambi\u00e9n 12 defunciones, para un total de tres mil 101. Hospitales saturados suben de seis a siete.<a href=\"https:\/\/twitter.com\/hashtag\/Qu%C3%A9dateEnCasaYa?src=hash&amp;ref_src=twsrc%5Etfw\">#Qu\u00e9dateEnCasaYa<\/a> <a href=\"https:\/\/t.co\/E15E5SJfmH\">pic.twitter.com\/E15E5SJfmH<\/a><\/p>&mdash; Zona Roja Oaxaca (@Zona_Roja_Oax) <a href=\"https:\/\/twitter.com\/Zona_Roja_Oax\/status\/1372729096971579396?ref_src=twsrc%5Etfw\">19 de marzo de 2021<\/a><\/blockquote><\/div>\n<\/div><\/figure>\n\n\n\n<p>Especific\u00f3 que conforme al conteo local de positivos y defunciones, 29 mil 319 son de Valles Centrales, donde tambi\u00e9n han fallecido mil 647 personas; el Istmo presenta tres mil 500 confirmados y 496 muertes; Tuxtepec dos mil 697, de esta cifra 327 perdieron la vida; Costa dos mil 094 y 207 p\u00e9rdidas fatales; Mixteca tres mil 611 y 296 decesos, Sierra tiene un total de mil 495 contagios y 128 han muerto.<\/p>\n\n\n\n<p>Recalc\u00f3 que de las tres mil 101 defunciones -12 m\u00e1s que al corte de ayer-, mil 458 se presentaron en el grupo de edad de los 65 y m\u00e1s a\u00f1os, 702 de 50 a 59 a\u00f1os, 452 de 60 a 64 a\u00f1os, 254 de 25 a 44 a\u00f1os, 198 de 45 a 49 a\u00f1os, 12 en menores de un a\u00f1o, ocho de 20 a 24 a\u00f1os, siete de uno a cuatro a\u00f1os, cinco de cinco a nueve a\u00f1os, tres de 15 a 19 a\u00f1os y dos de 10 a 14 a\u00f1os.<\/p>\n\n\n\n<p>Finalmente llam\u00f3 a la participaci\u00f3n responsable de la sociedad para que fortalezcan las recomendaciones sanitarias, usar adecuadamente el cubrebocas, evitar lugares concurridos, as\u00ed como quedarse en casa si es posible, y ante cualquier emergencia llamar al 911.<\/p>\n","protected":false},"excerpt":{"rendered":"<p>Redacci\u00f3n\/Zona Roja. Oaxaca de Ju\u00e1rez, Oax. 18 de marzo de 2021.- El Covid en Oaxaca&hellip;<\/p>\n","protected":false},"author":2,"featured_media":24858,"comment_status":"closed","ping_status":"open","sticky":false,"template":"","format":"standard","meta":{"_lmt_disableupdate":"","_lmt_disable":"","_jetpack_memberships_contains_paid_content":false,"footnotes":""},"categories":[109,47],"tags":[1512],"class_list":["post-24857","post","type-post","status-publish","format-standard","has-post-thumbnail","hentry","category-minuto-a-minuto","category-zona-gris","tag-coronavirus-oaxaca"],"jetpack_featured_media_url":"https:\/\/zonaroja.com.mx\/wp-content\/uploads\/2021\/03\/SSO-2-1-1.jpeg","jetpack_sharing_enabled":true,"_links":{"self":[{"href":"https:\/\/zonaroja.com.mx\/index.php?rest_route=\/wp\/v2\/posts\/24857","targetHints":{"allow":["GET"]}}],"collection":[{"href":"https:\/\/zonaroja.com.mx\/index.php?rest_route=\/wp\/v2\/posts"}],"about":[{"href":"https:\/\/zonaroja.com.mx\/index.php?rest_route=\/wp\/v2\/types\/post"}],"author":[{"embeddable":true,"href":"https:\/\/zonaroja.com.mx\/index.php?rest_route=\/wp\/v2\/users\/2"}],"replies":[{"embeddable":true,"href":"https:\/\/zonaroja.com.mx\/index.php?rest_route=%2Fwp%2Fv2%2Fcomments&post=24857"}],"version-history":[{"count":1,"href":"https:\/\/zonaroja.com.mx\/index.php?rest_route=\/wp\/v2\/posts\/24857\/revisions"}],"predecessor-version":[{"id":24859,"href":"https:\/\/zonaroja.com.mx\/index.php?rest_route=\/wp\/v2\/posts\/24857\/revisions\/24859"}],"wp:featuredmedia":[{"embeddable":true,"href":"https:\/\/zonaroja.com.mx\/index.php?rest_route=\/wp\/v2\/media\/24858"}],"wp:attachment":[{"href":"https:\/\/zonaroja.com.mx\/index.php?rest_route=%2Fwp%2Fv2%2Fmedia&parent=24857"}],"wp:term":[{"taxonomy":"category","embeddable":true,"href":"https:\/\/zonaroja.com.mx\/index.php?rest_route=%2Fwp%2Fv2%2Fcategories&post=24857"},{"taxonomy":"post_tag","embeddable":true,"href":"https:\/\/zonaroja.com.mx\/index.php?rest_route=%2Fwp%2Fv2%2Ftags&post=24857"}],"curies":[{"name":"wp","href":"https:\/\/api.w.org\/{rel}","templated":true}]}}