{"id":24865,"date":"2021-03-19T07:56:41","date_gmt":"2021-03-19T13:56:41","guid":{"rendered":"http:\/\/www.zonaroja.com.mx\/?p=24865"},"modified":"2021-03-19T07:56:49","modified_gmt":"2021-03-19T13:56:49","slug":"apoyara-eu-a-mexico-con-2-5-millones-de-vacunas-preven-tercera-ola-de-covid","status":"publish","type":"post","link":"https:\/\/zonaroja.com.mx\/?p=24865","title":{"rendered":"Apoyar\u00e1 EU a M\u00e9xico con 2.5 millones de vacunas\u2026 prev\u00e9n tercera ola de Covid"},"content":{"rendered":"\n<p>Redacci\u00f3n\/Zona Roja Cdmx.<\/p>\n\n\n\n<p>Ciudad de M\u00e9xico, 19 de marzo de 2021.- El gobierno de los Estados Unidos de Norteam\u00e9rica prepara un plan para dotar a M\u00e9xico de al menos 2.5 millones de dosis de vacunas contra el Covid-19, de la compa\u00f1\u00eda AstraZeneca.<\/p>\n\n\n\n<p>\u00abEl acuerdo con EU da prioridad a AstraZeneca para asegurar la segunda dosis de 870 mil adultos mayores a quienes se les aplic\u00f3 en febrero. Se trata de 2.5 millones de dosis. Ser\u00eda el mejor inicio de una amplia cooperaci\u00f3n en vacunas\u00bb, confirm\u00f3 ayer por la tarde el canciller Marcelo Ebrard a trav\u00e9s de su Twitter.<\/p>\n\n\n\n<p>La inyecci\u00f3n de AstraZeneca a\u00fan no est\u00e1 autorizada en EU, pero la administraci\u00f3n de Biden tiene una reserva acumulada mientras la compa\u00f1\u00eda trabaja para cumplir con una orden de EU antes de la posible autorizaci\u00f3n de los reguladores.<\/p>\n\n\n\n<p>VIENE OLA<\/p>\n\n\n\n<p>En tanto, anoche, Hugo L\u00f3pez-Gatell, subsecretario de Prevenci\u00f3n y Promoci\u00f3n de la Salud, asegur\u00f3 que es posible en M\u00e9xico un repunte de contagios por coronavirus.<\/p>\n\n\n\n<p>\u201cPuede haber un repunte (de casos). Es mejor considerar, de forma preventiva y precautoria, que puede haber un repunte y que no hay que bajar la disciplina de las medidas de control hasta que tengamos una cobertura de tres cuartas partes de personas inmunes\u201d, dijo el doctor.<\/p>\n\n\n\n<p>\u201cNo tomemos a la ligera de que la pandemia ya va para abajo. Ni en M\u00e9xico ni en ning\u00fan pa\u00eds del mundo\u201d, continu\u00f3.<\/p>\n\n\n\n<p>La Secretar\u00eda de Salud inform\u00f3 anoche que ya son 196 mil 606 las personas fallecidas por el nuevo coronavirus SARS-COV-2 en el pa\u00eds.<\/p>\n\n\n\n<p>Mientras tanto, los casos activos estimados de la enfermedad COVID-19 aumentaron a 36 mil 273.<\/p>\n\n\n\n<p>La hipertensi\u00f3n, la obesidad y la diabetes son, respectivamente, los primeros tres padecimientos asociados a los decesos por coronavirus.<\/p>\n\n\n\n<p>Todas las entidades del pa\u00eds cuentan, hasta el momento, con disponibilidad en camas tanto de hospitalizaci\u00f3n general como con ventilador.<\/p>\n\n\n\n<p>(Con informaci\u00f3n de \u201cEl Financiero\u201d)<\/p>\n","protected":false},"excerpt":{"rendered":"<p>Redacci\u00f3n\/Zona Roja Cdmx. Ciudad de M\u00e9xico, 19 de marzo de 2021.- El gobierno de los&hellip;<\/p>\n","protected":false},"author":2,"featured_media":24866,"comment_status":"closed","ping_status":"open","sticky":false,"template":"","format":"standard","meta":{"_lmt_disableupdate":"","_lmt_disable":"","_jetpack_memberships_contains_paid_content":false,"footnotes":""},"categories":[109,47],"tags":[1328],"class_list":["post-24865","post","type-post","status-publish","format-standard","has-post-thumbnail","hentry","category-minuto-a-minuto","category-zona-gris","tag-coronavirus-mexico"],"jetpack_featured_media_url":"https:\/\/zonaroja.com.mx\/wp-content\/uploads\/2021\/03\/Vacuna-astrazeneca.jpg","jetpack_sharing_enabled":true,"_links":{"self":[{"href":"https:\/\/zonaroja.com.mx\/index.php?rest_route=\/wp\/v2\/posts\/24865","targetHints":{"allow":["GET"]}}],"collection":[{"href":"https:\/\/zonaroja.com.mx\/index.php?rest_route=\/wp\/v2\/posts"}],"about":[{"href":"https:\/\/zonaroja.com.mx\/index.php?rest_route=\/wp\/v2\/types\/post"}],"author":[{"embeddable":true,"href":"https:\/\/zonaroja.com.mx\/index.php?rest_route=\/wp\/v2\/users\/2"}],"replies":[{"embeddable":true,"href":"https:\/\/zonaroja.com.mx\/index.php?rest_route=%2Fwp%2Fv2%2Fcomments&post=24865"}],"version-history":[{"count":1,"href":"https:\/\/zonaroja.com.mx\/index.php?rest_route=\/wp\/v2\/posts\/24865\/revisions"}],"predecessor-version":[{"id":24867,"href":"https:\/\/zonaroja.com.mx\/index.php?rest_route=\/wp\/v2\/posts\/24865\/revisions\/24867"}],"wp:featuredmedia":[{"embeddable":true,"href":"https:\/\/zonaroja.com.mx\/index.php?rest_route=\/wp\/v2\/media\/24866"}],"wp:attachment":[{"href":"https:\/\/zonaroja.com.mx\/index.php?rest_route=%2Fwp%2Fv2%2Fmedia&parent=24865"}],"wp:term":[{"taxonomy":"category","embeddable":true,"href":"https:\/\/zonaroja.com.mx\/index.php?rest_route=%2Fwp%2Fv2%2Fcategories&post=24865"},{"taxonomy":"post_tag","embeddable":true,"href":"https:\/\/zonaroja.com.mx\/index.php?rest_route=%2Fwp%2Fv2%2Ftags&post=24865"}],"curies":[{"name":"wp","href":"https:\/\/api.w.org\/{rel}","templated":true}]}}