{"id":24868,"date":"2021-03-19T08:09:05","date_gmt":"2021-03-19T14:09:05","guid":{"rendered":"http:\/\/www.zonaroja.com.mx\/?p=24868"},"modified":"2021-03-19T08:09:08","modified_gmt":"2021-03-19T14:09:08","slug":"en-la-capital-de-oaxaca-asaltan-hasta-a-los-jefes-policiacos","status":"publish","type":"post","link":"https:\/\/zonaroja.com.mx\/?p=24868","title":{"rendered":"En la capital de Oaxaca asaltan hasta a los jefes policiacos"},"content":{"rendered":"\n<p>Redacci\u00f3n\/Zona Roja. Foto: Archivo<\/p>\n\n\n\n<p>Oaxaca de Ju\u00e1rez, Oax., 19 de marzo de 2021.- En la ciudad de Oaxaca, hasta los jefes policiacos son asaltados, ante la nula seguridad por parte de las autoridades municipales.<\/p>\n\n\n\n<p>Le ocurri\u00f3 ayer al subdirector de Seguridad P\u00fablica, Vialidad y Protecci\u00f3n del ayuntamiento de Oaxaca de Ju\u00e1rez, Ren\u00e9 Ric\u00e1rdez Lim\u00f3n.<\/p>\n\n\n\n<p>\u201cAlfa pide ayuda, que se muevan las unidades al Mercado de Abasto\u201d, fue la voz de alerta que recibieron los elementos de la polic\u00eda vial tras el robo de su celular que sufri\u00f3 el funcionario, mientras recorr\u00eda la zona.<\/p>\n\n\n\n<p>Uno de los maleantes lo sorprendi\u00f3 y rob\u00f3 el tel\u00e9fono celular cuando se desplazaba en el autom\u00f3vil Nissan, tipo Tsuru, de la corporaci\u00f3n polic\u00edaca.<\/p>\n\n\n\n<p>Tras ello, a la zona fueron movilizados los elementos de la polic\u00eda vial y municipal para buscar al ladr\u00f3n, pero a pesar de la b\u00fasqueda, no lograron localizarlo. Implementaron tambi\u00e9n patrullajes en zonas aleda\u00f1as, pero sin \u00e9xito alguno.<\/p>\n\n\n\n<p>De acuerdo con estad\u00edsticas oficiales del Secretariado Ejecutivo del Sistema Nacional de Seguridad P\u00fablica, durante el mes de enero de este a\u00f1o, los asaltos a los transe\u00fantes se mantienen a la alza con 135 casos. En el a\u00f1o 2020 se consumaron un total de mil 484 casos.<\/p>\n\n\n\n<p>En enero de hace un a\u00f1o, el funcionario presumi\u00f3, en un video que le fue grabado, que hab\u00eda invertido mucho dinero con el Partido Morena para ganar la presidencia municipal, que preside Oswaldo Garc\u00eda Jarqu\u00edn, y que nadie pod\u00eda correrlo.<\/p>\n\n\n\n<p>\u201cYo soy de Morena y a Morena le he invertido miles de pesos para que funcione nuestro proyecto\u201d, asegur\u00f3.<\/p>\n\n\n\n<p>Presumi\u00f3 tambi\u00e9n que a \u00e9l nadie lo puede correr porque tiene un acuerdo pol\u00edtico y le deben muchos favores.<\/p>\n","protected":false},"excerpt":{"rendered":"<p>Redacci\u00f3n\/Zona Roja. Foto: Archivo Oaxaca de Ju\u00e1rez, Oax., 19 de marzo de 2021.- En la&hellip;<\/p>\n","protected":false},"author":2,"featured_media":24869,"comment_status":"closed","ping_status":"open","sticky":false,"template":"","format":"standard","meta":{"_lmt_disableupdate":"","_lmt_disable":"","_jetpack_memberships_contains_paid_content":false,"footnotes":""},"categories":[109,47],"tags":[2535],"class_list":["post-24868","post","type-post","status-publish","format-standard","has-post-thumbnail","hentry","category-minuto-a-minuto","category-zona-gris","tag-rene-ricardez-limon"],"jetpack_featured_media_url":"https:\/\/zonaroja.com.mx\/wp-content\/uploads\/2021\/03\/Rene-Ricardez-Limon.jpg","jetpack_sharing_enabled":true,"_links":{"self":[{"href":"https:\/\/zonaroja.com.mx\/index.php?rest_route=\/wp\/v2\/posts\/24868","targetHints":{"allow":["GET"]}}],"collection":[{"href":"https:\/\/zonaroja.com.mx\/index.php?rest_route=\/wp\/v2\/posts"}],"about":[{"href":"https:\/\/zonaroja.com.mx\/index.php?rest_route=\/wp\/v2\/types\/post"}],"author":[{"embeddable":true,"href":"https:\/\/zonaroja.com.mx\/index.php?rest_route=\/wp\/v2\/users\/2"}],"replies":[{"embeddable":true,"href":"https:\/\/zonaroja.com.mx\/index.php?rest_route=%2Fwp%2Fv2%2Fcomments&post=24868"}],"version-history":[{"count":1,"href":"https:\/\/zonaroja.com.mx\/index.php?rest_route=\/wp\/v2\/posts\/24868\/revisions"}],"predecessor-version":[{"id":24870,"href":"https:\/\/zonaroja.com.mx\/index.php?rest_route=\/wp\/v2\/posts\/24868\/revisions\/24870"}],"wp:featuredmedia":[{"embeddable":true,"href":"https:\/\/zonaroja.com.mx\/index.php?rest_route=\/wp\/v2\/media\/24869"}],"wp:attachment":[{"href":"https:\/\/zonaroja.com.mx\/index.php?rest_route=%2Fwp%2Fv2%2Fmedia&parent=24868"}],"wp:term":[{"taxonomy":"category","embeddable":true,"href":"https:\/\/zonaroja.com.mx\/index.php?rest_route=%2Fwp%2Fv2%2Fcategories&post=24868"},{"taxonomy":"post_tag","embeddable":true,"href":"https:\/\/zonaroja.com.mx\/index.php?rest_route=%2Fwp%2Fv2%2Ftags&post=24868"}],"curies":[{"name":"wp","href":"https:\/\/api.w.org\/{rel}","templated":true}]}}