{"id":24881,"date":"2021-03-19T15:45:46","date_gmt":"2021-03-19T21:45:46","guid":{"rendered":"http:\/\/www.zonaroja.com.mx\/?p=24881"},"modified":"2021-03-19T15:45:53","modified_gmt":"2021-03-19T21:45:53","slug":"indigna-a-feministas-designacion-de-peimbert-piden-fiscalia-que-sirva","status":"publish","type":"post","link":"https:\/\/zonaroja.com.mx\/?p=24881","title":{"rendered":"Indigna a feministas designaci\u00f3n de Peimbert; piden Fiscal\u00eda que sirva"},"content":{"rendered":"\n<p>Evlin Arag\u00f3n\/Zona Roja.<\/p>\n\n\n\n<p>Oaxaca de Ju\u00e1rez, Oax., 19 de marzo de 2021.- Colectivos feministas y decenas de activistas a t\u00edtulo personal han manifestado su indignaci\u00f3n ante la designaci\u00f3n de Arturo Peimbert Calvo como titular de la Fiscal\u00eda General de Justicia de Oaxaca (FGEO), luego de asegurar que su trabajo como Ombudsman no dej\u00f3 resultados favorables para el pueblo oaxaque\u00f1o.&nbsp;<\/p>\n\n\n\n<p>Previa a su designaci\u00f3n como fiscal, recabaron firmas para exigir una \u201cFiscal\u00eda que sirva\u201d, con un perfil id\u00f3neo al frente de la instancia de procuraci\u00f3n de justicia, advirtiendo que se pretend\u00eda realizar una elecci\u00f3n a modo en beneficio de Peimbert Calvo.<\/p>\n\n\n\n<p>Recordaron que el hoy titular de la Fiscal\u00eda tiene antecedentes de violencia de g\u00e9nero, fue denunciado p\u00fablicamente como agresor sexual y adem\u00e1s sus acciones fueron de simulaci\u00f3n al frente de la Defensor\u00eda de Derechos Humano del Pueblo de Oaxaca (DDHPO), en donde estuvo ausente de manera permanente.&nbsp;<\/p>\n\n\n\n<p>As\u00ed mismo, reclamaron que la equivocaci\u00f3n del Congreso local, de elegir a Rub\u00e9n Vasconcelos M\u00e9ndez, les cost\u00f3 la vida a 514 mujeres v\u00edctimas de feminicidio en la entidad.&nbsp; Pese a lo anterior con 33 votos a favor, Peimbert Calvo fue designado como fiscal.&nbsp;<\/p>\n\n\n\n<p>SE CUMPLI\u00d3 SIMULACI\u00d3N<\/p>\n\n\n\n<p>Al respecto el Grupo de Estudios sobre la Mujer \u201cRosario Castellanos\u201d manifest\u00f3 que se cumpli\u00f3 con la simulaci\u00f3n de que existen procesos de convocatoria abierta, cuando en realidad es el gobernador de Oaxaca quien promovi\u00f3 y aval\u00f3 desde d\u00edas antes la designaci\u00f3n de quien hoy es fiscal.&nbsp;<\/p>\n\n\n\n<p>La activista y feminista Yesica S\u00e1nchez Maya coincidi\u00f3 en la necesidad de contar con una Fiscal\u00eda que sirva y atiendan los grandes rezagos que en materia de procuraci\u00f3n de justicia en la entidad, en mayor medida a favor de las mujeres que han sufrido la revictimizaci\u00f3n de las y los funcionarios.&nbsp;<\/p>\n\n\n\n<p>En este tenor fue el pronunciamiento de Consorcio Oaxaca que conden\u00f3 la designaci\u00f3n y exigi\u00f3 una Fiscal\u00eda que funcione, que investigue, que se comprometa con las v\u00edctimas, que act\u00fae independientemente del Poder Ejecutivo, lo cual no podr\u00e1 logarse con la persona electa, quien adem\u00e1s no cumpli\u00f3 con los requisitos constitucionales y tiene antecedentes de violencia de g\u00e9nero.&nbsp;<\/p>\n\n\n\n<p>As\u00ed mismo evidenciaron que las diputadas y diputados locales traicionaron al pueblo y su equivocaci\u00f3n seguir\u00e1 constando la vida de las mujeres, ya que pusieron en las manos de una persona c\u00f3mplice del poder, violenta y corrupta, al frente de la instancia de procuraci\u00f3n de justicia.&nbsp;<\/p>\n\n\n\n<p>\u201cYa no nos sorprenden #ArturoPeimbert en la terna para la Fiscal\u00eda, nosotras las mujeres decimos #ningunviolentadordebeserfiscal #oaxacamexico\u201d, escribi\u00f3 en sus redes sociales la periodista feminista Soledad Jarqu\u00edn Edgar.&nbsp;<\/p>\n\n\n\n<p>Mientras que la reconocida ling\u00fcista mixe, Y\u00e1snaya Aguilar, asegur\u00f3 que la elecci\u00f3n del hoy funcionario fue \u201ca modo\u201d y sin los filtros necesarios; adem\u00e1s record\u00f3 que Rub\u00e9n Vasconcelos se fue del cago sin hacerle justicia a las ind\u00edgenas secuestradas de Ayutla y cientos de mujeres m\u00e1s en la entidad.&nbsp;<\/p>\n\n\n\n<p>Finalmente, la activista y docente de la Secci\u00f3n 22, Yolanda Barranco, manifest\u00f3 que, en su paso por la Defensor\u00eda, Peimbert Calvo no fue capaz de actuar por las v\u00edctimas, pese a las solicitudes realizadas por familiares y organizaciones, de ah\u00ed que no crea que la situaci\u00f3n pueda cambiar.&nbsp;&nbsp;<\/p>\n\n\n\n<p>\u201cYo personalmente s\u00e9 qui\u00e9n es Arturo Peimbert. \u00c9l nunca hizo una recomendaci\u00f3n cuando fuimos violentados como familia y cuando los compa\u00f1eros maestros fueron encarcelados de manera injusta\u201d, sentenci\u00f3.&nbsp;<\/p>\n","protected":false},"excerpt":{"rendered":"<p>Evlin Arag\u00f3n\/Zona Roja. Oaxaca de Ju\u00e1rez, Oax., 19 de marzo de 2021.- Colectivos feministas y&hellip;<\/p>\n","protected":false},"author":2,"featured_media":24882,"comment_status":"closed","ping_status":"open","sticky":false,"template":"","format":"standard","meta":{"_lmt_disableupdate":"","_lmt_disable":"","_jetpack_memberships_contains_paid_content":false,"footnotes":""},"categories":[109,47],"tags":[2532,494],"class_list":["post-24881","post","type-post","status-publish","format-standard","has-post-thumbnail","hentry","category-minuto-a-minuto","category-zona-gris","tag-arturo-peimbert-calvo","tag-fiscalia-general-del-estado-de-oaxaca"],"jetpack_featured_media_url":"https:\/\/zonaroja.com.mx\/wp-content\/uploads\/2021\/03\/Fiscalia-que-sirva.png","jetpack_sharing_enabled":true,"_links":{"self":[{"href":"https:\/\/zonaroja.com.mx\/index.php?rest_route=\/wp\/v2\/posts\/24881","targetHints":{"allow":["GET"]}}],"collection":[{"href":"https:\/\/zonaroja.com.mx\/index.php?rest_route=\/wp\/v2\/posts"}],"about":[{"href":"https:\/\/zonaroja.com.mx\/index.php?rest_route=\/wp\/v2\/types\/post"}],"author":[{"embeddable":true,"href":"https:\/\/zonaroja.com.mx\/index.php?rest_route=\/wp\/v2\/users\/2"}],"replies":[{"embeddable":true,"href":"https:\/\/zonaroja.com.mx\/index.php?rest_route=%2Fwp%2Fv2%2Fcomments&post=24881"}],"version-history":[{"count":1,"href":"https:\/\/zonaroja.com.mx\/index.php?rest_route=\/wp\/v2\/posts\/24881\/revisions"}],"predecessor-version":[{"id":24883,"href":"https:\/\/zonaroja.com.mx\/index.php?rest_route=\/wp\/v2\/posts\/24881\/revisions\/24883"}],"wp:featuredmedia":[{"embeddable":true,"href":"https:\/\/zonaroja.com.mx\/index.php?rest_route=\/wp\/v2\/media\/24882"}],"wp:attachment":[{"href":"https:\/\/zonaroja.com.mx\/index.php?rest_route=%2Fwp%2Fv2%2Fmedia&parent=24881"}],"wp:term":[{"taxonomy":"category","embeddable":true,"href":"https:\/\/zonaroja.com.mx\/index.php?rest_route=%2Fwp%2Fv2%2Fcategories&post=24881"},{"taxonomy":"post_tag","embeddable":true,"href":"https:\/\/zonaroja.com.mx\/index.php?rest_route=%2Fwp%2Fv2%2Ftags&post=24881"}],"curies":[{"name":"wp","href":"https:\/\/api.w.org\/{rel}","templated":true}]}}