{"id":24884,"date":"2021-03-19T16:53:33","date_gmt":"2021-03-19T22:53:33","guid":{"rendered":"http:\/\/www.zonaroja.com.mx\/?p=24884"},"modified":"2021-03-19T16:53:37","modified_gmt":"2021-03-19T22:53:37","slug":"recibe-oaxaca-a-amlo-con-un-estado-en-ingobernabilidad","status":"publish","type":"post","link":"https:\/\/zonaroja.com.mx\/?p=24884","title":{"rendered":"Recibe Oaxaca a AMLO con un estado en ingobernabilidad"},"content":{"rendered":"\n<p>Yuridiana Sosa\/Zona Roja.<\/p>\n\n\n\n<p>Oaxaca de Ju\u00e1rez, Oax., 19 de marzo de 2021.- Un estado de Oaxaca con m\u00faltiples bloqueos y protestas, hasta de militantes del Partido Morena, recibe esta tarde al Presidente de M\u00e9xico, Andr\u00e9s Manuel L\u00f3pez Obrador, que arrib\u00f3 al municipio de Loma Bonita.<\/p>\n\n\n\n<p>Bloqueos, manifestaciones y vandalismo de pobladores y organizaciones sociales por temas electorales, hasta el paro de un reducido grupo de elementos de seguridad p\u00fablica del estado, es parte del escenario en que se encuentra la entidad, sin intervenci\u00f3n de la Secretar\u00eda General de Gobierno (Segego).<\/p>\n\n\n\n<p>Las oficinas estatales del partido de Morena en la capital del estado, fueron sede de otra protesta este viernes, luego que ayer tambi\u00e9n recibi\u00f3 a un grupo de manifestantes por la designaci\u00f3n de candidatos.<\/p>\n\n\n\n<p>Pero hoy, los inconformes integrantes de la Alianza de Pueblos por la Justicia Social, realizaron pintas al interior y exterior del inmueble para se\u00f1alar su rechazo al proceso de selecci\u00f3n de contendientes para la elecci\u00f3n.<\/p>\n\n\n\n<p>\u201cNo a la imposici\u00f3n de Morena\u201d, \u201cFuera el traidor Salom\u00f3n Jara\u201d, \u201cPrimor nido de ratas\u201d, \u201cNo a la venta de candidaturas\u201d, se\u00f1alaron en sus pintas, pues hasta el momento se desconoce de una supuesta encuesta real entre la comunidad para seleccionar a los aspirantes a un cargo de elecci\u00f3n popular.<\/p>\n\n\n\n<p>En conferencia de prensa los l\u00edderes de la organizaci\u00f3n expresaron que \u201cel entorno pol\u00edtico electoral en que se ha desarrollado el proceso en Oaxaca, ha sido turbio, y ha empa\u00f1ado los principios de no mentir, no robar y no traicionar\u201d.<\/p>\n\n\n\n<figure class=\"wp-block-embed-twitter wp-block-embed is-type-rich is-provider-twitter\"><div class=\"wp-block-embed__wrapper\">\n<div class=\"twitter-tweet\"><blockquote class=\"twitter-tweet\" data-lang=\"es\"><p lang=\"es\" dir=\"ltr\"><a href=\"https:\/\/twitter.com\/hashtag\/%C3%9AltimoMinuto?src=hash&amp;ref_src=twsrc%5Etfw\">#\u00daltimoMinuto<\/a> <br>\u00bfY la <a href=\"https:\/\/twitter.com\/SEGEGO_GobOax?ref_src=twsrc%5Etfw\">@SEGEGO_GobOax<\/a>? Por quinto d\u00eda consecutivo se multiplican las protestas y bloqueos en Oaxaca, a unas horas de la llegada de <a href=\"https:\/\/twitter.com\/lopezobrador_?ref_src=twsrc%5Etfw\">@lopezobrador_<\/a>.<br>Uno de tantos, de manifestantes de agencias de Santiago Atitl\u00e1n, que cierran la v\u00eda federal al oriente de la ciudad. <a href=\"https:\/\/t.co\/Wl4PDzSzdg\">pic.twitter.com\/Wl4PDzSzdg<\/a><\/p>&mdash; Zona Roja Oaxaca (@Zona_Roja_Oax) <a href=\"https:\/\/twitter.com\/Zona_Roja_Oax\/status\/1373014300865003527?ref_src=twsrc%5Etfw\">19 de marzo de 2021<\/a><\/blockquote><\/div>\n<\/div><\/figure>\n\n\n\n<p>O\u00cdDOS SORDOS<\/p>\n\n\n\n<p>Ante la desatenci\u00f3n de la Secretar\u00eda General de Gobierno de Oaxaca (Segego) y la respuesta negativa del Tribunal Estatal Electoral de Oaxaca, habitantes de agencias de Santiago Atitl\u00e1n incrementaron sus acciones de protesta para exigir recursos y una nueva elecci\u00f3n, pues en la anterior no fueron convocados.<\/p>\n\n\n\n<p>Los inconformes de las comunidades de Estancia de Morelos y El Rodeo bloquearon la carretera federal 190, en el crucero de la agencia de Hacienda Blanca de Etla, pero que es la v\u00eda principal que conecta con la capital del estado por la zona poniente.<\/p>\n\n\n\n<p>En este punto retuvieron camiones de carga y tr\u00e1ileres para obstruir la vialidad, as\u00ed como realizaron quema de llantas. Hasta el momento el bloqueo contin\u00faa.<\/p>\n\n\n\n<p>Por otra parte, desde temprana hora de este viernes un grupo de elementos de la Polic\u00eda Estatal realizaron una manifestaci\u00f3n en las instalaciones del Cuartel General para exigir mejores condiciones laborales.<\/p>\n\n\n\n<p>Aunque la Secretar\u00eda de Seguridad P\u00fablica de Oaxaca inform\u00f3 que las peticiones son atendidas en una mesa de di\u00e1logo, elementos estatales en las distintas regiones mostraron su apoyo al movimiento de los uniformados en la regi\u00f3n de Valles Centrales.<\/p>\n\n\n\n<p>En la regi\u00f3n de la Mixteca y en el Istmo de Tehuantepec, al igual que en la Cuenca y en la Costa, contin\u00faan tambi\u00e9n las protestas; en los dos primeros casos, hay manifestaciones en contra de las vicefiscal\u00eda de la Fiscal\u00eda General del Estado.<\/p>\n\n\n\n<p>En tanto en Loma Bonita, L\u00f3pez Obrador fue recibido tambi\u00e9n con protestas.<\/p>\n\n\n\n<figure class=\"wp-block-embed-twitter wp-block-embed is-type-rich is-provider-twitter\"><div class=\"wp-block-embed__wrapper\">\n<div class=\"twitter-tweet\"><blockquote class=\"twitter-tweet\" data-lang=\"es\"><p lang=\"es\" dir=\"ltr\"><a href=\"https:\/\/twitter.com\/hashtag\/%C3%9AltimoMinuto?src=hash&amp;ref_src=twsrc%5Etfw\">#\u00daltimoMinuto<\/a> <br>Arriba el Presidente de M\u00e9xico, <a href=\"https:\/\/twitter.com\/lopezobrador_?ref_src=twsrc%5Etfw\">@lopezobrador_<\/a>, al municipio de Loma Bonita, <a href=\"https:\/\/twitter.com\/hashtag\/Oaxaca?src=hash&amp;ref_src=twsrc%5Etfw\">#Oaxaca<\/a>&#8230; y lo reciben con protestas, ante desatenci\u00f3n gubernamental estatal y municipal. <br>Video: <a href=\"https:\/\/twitter.com\/ELPINERO?ref_src=twsrc%5Etfw\">@ELPINERO<\/a>. <a href=\"https:\/\/t.co\/nf4wslVVXN\">pic.twitter.com\/nf4wslVVXN<\/a><\/p>&mdash; Zona Roja Oaxaca (@Zona_Roja_Oax) <a href=\"https:\/\/twitter.com\/Zona_Roja_Oax\/status\/1373044154914197508?ref_src=twsrc%5Etfw\">19 de marzo de 2021<\/a><\/blockquote><\/div>\n<\/div><\/figure>\n","protected":false},"excerpt":{"rendered":"<p>Yuridiana Sosa\/Zona Roja. Oaxaca de Ju\u00e1rez, Oax., 19 de marzo de 2021.- Un estado de&hellip;<\/p>\n","protected":false},"author":2,"featured_media":24885,"comment_status":"closed","ping_status":"open","sticky":false,"template":"","format":"standard","meta":{"_lmt_disableupdate":"","_lmt_disable":"","_jetpack_memberships_contains_paid_content":false,"footnotes":""},"categories":[109,47],"tags":[2233],"class_list":["post-24884","post","type-post","status-publish","format-standard","has-post-thumbnail","hentry","category-minuto-a-minuto","category-zona-gris","tag-santiago-atitlan"],"jetpack_featured_media_url":"https:\/\/zonaroja.com.mx\/wp-content\/uploads\/2021\/03\/Protesta-Atitlan-bloqueo.png","jetpack_sharing_enabled":true,"_links":{"self":[{"href":"https:\/\/zonaroja.com.mx\/index.php?rest_route=\/wp\/v2\/posts\/24884","targetHints":{"allow":["GET"]}}],"collection":[{"href":"https:\/\/zonaroja.com.mx\/index.php?rest_route=\/wp\/v2\/posts"}],"about":[{"href":"https:\/\/zonaroja.com.mx\/index.php?rest_route=\/wp\/v2\/types\/post"}],"author":[{"embeddable":true,"href":"https:\/\/zonaroja.com.mx\/index.php?rest_route=\/wp\/v2\/users\/2"}],"replies":[{"embeddable":true,"href":"https:\/\/zonaroja.com.mx\/index.php?rest_route=%2Fwp%2Fv2%2Fcomments&post=24884"}],"version-history":[{"count":1,"href":"https:\/\/zonaroja.com.mx\/index.php?rest_route=\/wp\/v2\/posts\/24884\/revisions"}],"predecessor-version":[{"id":24886,"href":"https:\/\/zonaroja.com.mx\/index.php?rest_route=\/wp\/v2\/posts\/24884\/revisions\/24886"}],"wp:featuredmedia":[{"embeddable":true,"href":"https:\/\/zonaroja.com.mx\/index.php?rest_route=\/wp\/v2\/media\/24885"}],"wp:attachment":[{"href":"https:\/\/zonaroja.com.mx\/index.php?rest_route=%2Fwp%2Fv2%2Fmedia&parent=24884"}],"wp:term":[{"taxonomy":"category","embeddable":true,"href":"https:\/\/zonaroja.com.mx\/index.php?rest_route=%2Fwp%2Fv2%2Fcategories&post=24884"},{"taxonomy":"post_tag","embeddable":true,"href":"https:\/\/zonaroja.com.mx\/index.php?rest_route=%2Fwp%2Fv2%2Ftags&post=24884"}],"curies":[{"name":"wp","href":"https:\/\/api.w.org\/{rel}","templated":true}]}}