{"id":24887,"date":"2021-03-19T18:00:27","date_gmt":"2021-03-20T00:00:27","guid":{"rendered":"http:\/\/www.zonaroja.com.mx\/?p=24887"},"modified":"2021-03-19T18:09:53","modified_gmt":"2021-03-20T00:09:53","slug":"denuncian-que-fuerenos-se-quieren-apropiar-de-morena-en-santa-lucia-del-camino","status":"publish","type":"post","link":"https:\/\/zonaroja.com.mx\/?p=24887","title":{"rendered":"Denuncian que fuere\u00f1os se quieren apropiar de Morena en Santa Luc\u00eda del Camino"},"content":{"rendered":"\n<p>Redacci\u00f3n\/Zona Roja.<\/p>\n\n\n\n<p>Oaxaca de Ju\u00e1rez, Oax., 19 de marzo de 2021.- A pesar de que Santa Luc\u00eda es en su mayor\u00eda simpatizante del Partido Morena y fiel a Andr\u00e9s Manuel L\u00f3pez Obrador, un mexiquenses y una originaria de la Ciudad de M\u00e9xico se pretenden apropiar del instituto pol\u00edtico.<\/p>\n\n\n\n<p>As\u00ed lo denunciaron vecinos de la comunidad conurbada a la capital de Oaxaca, quienes detallaron que dichas personas for\u00e1neas se postularon para cargos de representaci\u00f3n popular, pero fueron desechados por no cumplir el requisito de ser oaxaque\u00f1os.<\/p>\n\n\n\n<p>Se trata de Juan Carlos Garc\u00eda M\u00e1rquez, originario de Los Reyes La Paz, Estado de M\u00e9xico,  y Eunice Pacheco Bautista, originaria de la delegaci\u00f3n Miguel Hidalgo, Ciudad de M\u00e9xico, como lo muestran sus actas de nacimiento.<\/p>\n\n\n\n<p>Seg\u00fan la lista de aspirantes a presidente municipal que dio a conocer la Comisi\u00f3n Nacional de Elecciones, en Santa Luc\u00eda del Camino luego de tener 24 contendientes, los aspirantes que aparecen en la encuesta para ser elegibles por la militancia de Morena son: Juan Carlos Garc\u00eda M\u00e1rquez, Eunice Pacheco, Mario Pradillo y Mar\u00eda Libia.<\/p>\n\n\n\n<p>De estos cuatro personajes los primeros dos no son oaxaque\u00f1os y a Mario Pradillo lo se\u00f1alan de no tener arraigo en el municipio,  y a Mar\u00eda Libia de aspirar a la presidencia municipal primero por el Partido Unidad Popular, luego sumarse a la campa\u00f1a del ahora edil Dante Monta\u00f1o con el Partido Encuentro Social (PES) y ahora por el partido Morena.<\/p>\n\n\n\n<p>\u201cNo es posible que gente que ni de Santa Luc\u00eda es venga a querer gobernar y m\u00e1s por Morena que se supone no debe aceptar esas cosas\u201d, denunci\u00f3 la vecina de la colonia Nacional, Edna Santos.<\/p>\n\n\n\n<p>Cabe mencionar que la mexiquense Eunice Pacheco es la segunda ocasi\u00f3n que aspira a gobernar Santa Luc\u00eda del Camino, sin embargo en ambas ocasiones fue rechazada por la militancia morenista.<\/p>\n\n\n\n<p>El otro mexiquense Juan Carlos Garc\u00eda M\u00e1rquez, tambi\u00e9n es acusado de presidir la Asociaci\u00f3n Civil \u00abAlas en el Coraz\u00f3n\u00bb, la cual no existe ni est\u00e1 registrada ante ning\u00fan organismo, tal como lo marca el oficio SIR-0205851, avalado por el Instituto de la Funci\u00f3n Registral del Estado de Oaxaca (IFREO).<\/p>\n","protected":false},"excerpt":{"rendered":"<p>Redacci\u00f3n\/Zona Roja. Oaxaca de Ju\u00e1rez, Oax., 19 de marzo de 2021.- A pesar de que&hellip;<\/p>\n","protected":false},"author":2,"featured_media":24888,"comment_status":"closed","ping_status":"open","sticky":false,"template":"","format":"standard","meta":{"_lmt_disableupdate":"","_lmt_disable":"","_jetpack_memberships_contains_paid_content":false,"footnotes":""},"categories":[109,47],"tags":[2533],"class_list":["post-24887","post","type-post","status-publish","format-standard","has-post-thumbnail","hentry","category-minuto-a-minuto","category-zona-gris","tag-juan-carlos-garcia-marquez"],"jetpack_featured_media_url":"https:\/\/zonaroja.com.mx\/wp-content\/uploads\/2021\/03\/Juan-Carlos-Garcia-Marquez-acta.jpg","jetpack_sharing_enabled":true,"_links":{"self":[{"href":"https:\/\/zonaroja.com.mx\/index.php?rest_route=\/wp\/v2\/posts\/24887","targetHints":{"allow":["GET"]}}],"collection":[{"href":"https:\/\/zonaroja.com.mx\/index.php?rest_route=\/wp\/v2\/posts"}],"about":[{"href":"https:\/\/zonaroja.com.mx\/index.php?rest_route=\/wp\/v2\/types\/post"}],"author":[{"embeddable":true,"href":"https:\/\/zonaroja.com.mx\/index.php?rest_route=\/wp\/v2\/users\/2"}],"replies":[{"embeddable":true,"href":"https:\/\/zonaroja.com.mx\/index.php?rest_route=%2Fwp%2Fv2%2Fcomments&post=24887"}],"version-history":[{"count":2,"href":"https:\/\/zonaroja.com.mx\/index.php?rest_route=\/wp\/v2\/posts\/24887\/revisions"}],"predecessor-version":[{"id":24890,"href":"https:\/\/zonaroja.com.mx\/index.php?rest_route=\/wp\/v2\/posts\/24887\/revisions\/24890"}],"wp:featuredmedia":[{"embeddable":true,"href":"https:\/\/zonaroja.com.mx\/index.php?rest_route=\/wp\/v2\/media\/24888"}],"wp:attachment":[{"href":"https:\/\/zonaroja.com.mx\/index.php?rest_route=%2Fwp%2Fv2%2Fmedia&parent=24887"}],"wp:term":[{"taxonomy":"category","embeddable":true,"href":"https:\/\/zonaroja.com.mx\/index.php?rest_route=%2Fwp%2Fv2%2Fcategories&post=24887"},{"taxonomy":"post_tag","embeddable":true,"href":"https:\/\/zonaroja.com.mx\/index.php?rest_route=%2Fwp%2Fv2%2Ftags&post=24887"}],"curies":[{"name":"wp","href":"https:\/\/api.w.org\/{rel}","templated":true}]}}