{"id":2489,"date":"2019-07-24T19:42:55","date_gmt":"2019-07-25T00:42:55","guid":{"rendered":"http:\/\/www.zonaroja.com.mx\/?p=2489"},"modified":"2019-07-24T19:42:57","modified_gmt":"2019-07-25T00:42:57","slug":"secuestran-en-fiscalia-a-trabajadora-para-incriminarla-en-asalto","status":"publish","type":"post","link":"https:\/\/zonaroja.com.mx\/?p=2489","title":{"rendered":"\u201cSecuestran\u201d en Fiscal\u00eda a trabajadora para incriminarla en asalto"},"content":{"rendered":"\n<p>Redacci\u00f3n<\/p>\n\n\n\n<p>Oaxaca de\nJu\u00e1rez, Oax., 24 de julio de 2019.- Personal de la Fiscal\u00eda General del Estado\ncon sede en bah\u00edas de Huatulco retiene desde ayer a la trabajadora Rubicelia\nJim\u00e9nez, para presuntamente incriminarla en el asalto a una gasolinera, ocurrido\nel pasado lunes y en el que ella labora.<\/p>\n\n\n\n<p>As\u00ed lo denunci\u00f3\na trav\u00e9s de un video su hermana Am\u00e9rica Jim\u00e9nez, quien pidi\u00f3 la intervenci\u00f3n\nurgente del fiscal Rub\u00e9n Vasconcelos M\u00e9ndez; pero pocas horas despu\u00e9s tambi\u00e9n\nfue detenida sin orden previa, bajo el supuesto de ser c\u00f3mplice del atraco.<\/p>\n\n\n\n<p>El pasado\nlunes, sujetos desconocidos robaron en la estaci\u00f3n de servicio \u201cCuatro Hermanos\ndel Sureste\u201d, ubicada en la manzana 1 del bulevar Chahu\u00e9, La Crucecita, Huatulco,\npresuntamente propiedad de los Murat, seg\u00fan los habitantes de la zona.<\/p>\n\n\n\n<p>Ese d\u00eda, en\nlugar de interrogar al personal, elementos de la Vicefiscal\u00eda Regional de la\nCosta &#8211;apersonados desde esa fecha ah\u00ed&#8211; permitieron la salida de los\ntrabajadores. <\/p>\n\n\n\n<p>Pero ante\nlos nulos resultados en la b\u00fasqueda de los probables delincuentes, al mediod\u00eda\ndel martes mandaron a llamar, bajo enga\u00f1os, a la trabajadora Rubicelia Jim\u00e9nez,\na quien desde esa fecha mantienen incomunicada y sin el apoyo de un abogado.<\/p>\n\n\n\n<p>Este\nmediod\u00eda de mi\u00e9rcoles, Am\u00e9rica Jim\u00e9nez denunci\u00f3 los hechos y pidi\u00f3 la\nintervenci\u00f3n de organismos de derechos humanos, pero poco despu\u00e9s tambi\u00e9n fue\ndetenida, sin orden judicial, y llevada para declarar acerca de la probable\ncomplicidad en el robo.<\/p>\n\n\n\n<p>Dem\u00e1s familiares de ellas, de escasos recursos econ\u00f3micos, denunciaron que la Fiscal\u00eda General del Estado pretende fabricar culpables para hacer creer al titular del Poder Ejecutivo que obtuvieron resultados r\u00e1pidos en la atenci\u00f3n al caso del robo en la gasoliner\u00eda.<\/p>\n\n\n\n<figure class=\"wp-block-embed-twitter wp-block-embed is-type-rich is-provider-twitter\"><div class=\"wp-block-embed__wrapper\">\n<div class=\"twitter-tweet\"><blockquote class=\"twitter-tweet\" data-lang=\"es\"><p lang=\"es\" dir=\"ltr\">Denuncian secuestro desde hace 24 horas en <a href=\"https:\/\/twitter.com\/FISCALIA_GobOax?ref_src=twsrc%5Etfw\">@FISCALIA_GobOax<\/a> Huatulco de trabajadora Rubicelia Jim\u00e9nez, de gasolinera \u201cCuatro Hermanos\u201d \u2014presuntamente de los Murat\u2014, para incriminarla en asalto. Hermana de detenida pide ayuda a fiscal <a href=\"https:\/\/twitter.com\/RVasconcelosM?ref_src=twsrc%5Etfw\">@RVasconcelosM<\/a>.  Tambi\u00e9n la detienen. <a href=\"https:\/\/twitter.com\/CNDH?ref_src=twsrc%5Etfw\">@CNDH<\/a> <a href=\"https:\/\/t.co\/lfuU8d60Yl\">pic.twitter.com\/lfuU8d60Yl<\/a><\/p>&mdash; Zona Roja Oaxaca (@MexRoja) <a href=\"https:\/\/twitter.com\/MexRoja\/status\/1154152664734867456?ref_src=twsrc%5Etfw\">24 de julio de 2019<\/a><\/blockquote><\/div>\n<\/div><\/figure>\n\n\n\n<p>(Con\ninformaci\u00f3n del Sol de la Costa)<\/p>\n","protected":false},"excerpt":{"rendered":"<p>Redacci\u00f3n Oaxaca de Ju\u00e1rez, Oax., 24 de julio de 2019.- Personal de la Fiscal\u00eda General&hellip;<\/p>\n","protected":false},"author":2,"featured_media":2490,"comment_status":"closed","ping_status":"open","sticky":false,"template":"","format":"standard","meta":{"_lmt_disableupdate":"","_lmt_disable":"","_jetpack_memberships_contains_paid_content":false,"footnotes":""},"categories":[109,51],"tags":[],"class_list":["post-2489","post","type-post","status-publish","format-standard","has-post-thumbnail","hentry","category-minuto-a-minuto","category-zona-roja"],"jetpack_featured_media_url":"https:\/\/zonaroja.com.mx\/wp-content\/uploads\/2019\/07\/IMG_2956.jpg","jetpack_sharing_enabled":true,"_links":{"self":[{"href":"https:\/\/zonaroja.com.mx\/index.php?rest_route=\/wp\/v2\/posts\/2489","targetHints":{"allow":["GET"]}}],"collection":[{"href":"https:\/\/zonaroja.com.mx\/index.php?rest_route=\/wp\/v2\/posts"}],"about":[{"href":"https:\/\/zonaroja.com.mx\/index.php?rest_route=\/wp\/v2\/types\/post"}],"author":[{"embeddable":true,"href":"https:\/\/zonaroja.com.mx\/index.php?rest_route=\/wp\/v2\/users\/2"}],"replies":[{"embeddable":true,"href":"https:\/\/zonaroja.com.mx\/index.php?rest_route=%2Fwp%2Fv2%2Fcomments&post=2489"}],"version-history":[{"count":1,"href":"https:\/\/zonaroja.com.mx\/index.php?rest_route=\/wp\/v2\/posts\/2489\/revisions"}],"predecessor-version":[{"id":2491,"href":"https:\/\/zonaroja.com.mx\/index.php?rest_route=\/wp\/v2\/posts\/2489\/revisions\/2491"}],"wp:featuredmedia":[{"embeddable":true,"href":"https:\/\/zonaroja.com.mx\/index.php?rest_route=\/wp\/v2\/media\/2490"}],"wp:attachment":[{"href":"https:\/\/zonaroja.com.mx\/index.php?rest_route=%2Fwp%2Fv2%2Fmedia&parent=2489"}],"wp:term":[{"taxonomy":"category","embeddable":true,"href":"https:\/\/zonaroja.com.mx\/index.php?rest_route=%2Fwp%2Fv2%2Fcategories&post=2489"},{"taxonomy":"post_tag","embeddable":true,"href":"https:\/\/zonaroja.com.mx\/index.php?rest_route=%2Fwp%2Fv2%2Ftags&post=2489"}],"curies":[{"name":"wp","href":"https:\/\/api.w.org\/{rel}","templated":true}]}}