{"id":24891,"date":"2021-03-19T20:15:13","date_gmt":"2021-03-20T02:15:13","guid":{"rendered":"http:\/\/www.zonaroja.com.mx\/?p=24891"},"modified":"2021-03-19T20:15:22","modified_gmt":"2021-03-20T02:15:22","slug":"clamor-de-justicia-llega-a-amlo-familiares-de-alexander-le-entregan-carta","status":"publish","type":"post","link":"https:\/\/zonaroja.com.mx\/?p=24891","title":{"rendered":"Clamor de justicia llega a AMLO; familiares de Alexander le entregan carta"},"content":{"rendered":"\n<p>Yuridiana Sosa\/Zona Roja. Foto: Archivo<\/p>\n\n\n\n<p>San Juan Bautista Tuxtepec, Oax., 19 de marzo de 2021.- A su llegada a la regi\u00f3n de la Cuenca de Oaxaca, el Presidente Andr\u00e9s Manuel L\u00f3pez Obrador fue recibido por m\u00faltiples protestas y demandas de atenci\u00f3n gubernamental.<\/p>\n\n\n\n<p>Uno de los casos fue el de los padres del adolescente Alexander Mart\u00ednez G\u00f3mez, asesinado hace m\u00e1s de nueve meses por un elemento de la Polic\u00eda Municipal de Acatl\u00e1n de P\u00e9rez Figueroa; los familiares le entregaron a una carta al mandatario para pedir justicia.<\/p>\n\n\n\n<p>Los padres del joven asesinado viajaron m\u00e1s de 100 kil\u00f3metros, de Acatl\u00e1n al municipio de Loma Bonita, a donde lleg\u00f3 este viernes L\u00f3pez Obrador para realizar una Evaluaci\u00f3n de Programas Integrales de Bienestar.<\/p>\n\n\n\n<p>\u201cQueremos la justicia, queremos que nos respondan, queremos que el se\u00f1or Presidente nos escuche.&nbsp; Le suplicamos que vea nuestro caos, que nos tienen sufriendo, que tenemos nueve meses y medio luchando contra unos monstruos, que no es tan f\u00e1cil\u201d, expres\u00f3 con llanto sostenido la madre de Alexander, Virginia G\u00f3mez.<\/p>\n\n\n\n<p>Previo al acto gubernamental en las instalaciones de la Universidad del Papaloapan, los padres lograron entregar al mandatario nacional una carta en la que exponen el caso.<\/p>\n\n\n\n<p>Los hechos ocurrieron el pasado 9 de junio en la comunidad de Vicente Camalote, cuando el joven acudi\u00f3 a una tienda de conveniencia a comprar art\u00edculos; a su salida una patrulla de la polic\u00eda municipal lo intercept\u00f3 y los elementos dispararon en su contra y en la de otros j\u00f3venes que lo acompa\u00f1aban.<\/p>\n\n\n\n<p>Por el crimen existe un elemento policial detenido, pero a\u00fan no recibe sentencia y hay varios m\u00e1s libres, adem\u00e1s que, en este tiempo, en busca de justicia los padres denunciaron ser v\u00edctimas de amenazas que atentan contra su integridad por parte del presidente de Acatl\u00e1n, Ad\u00e1n Maciel Sosa.<\/p>\n\n\n\n<p>Mientras que acusan que la Fiscal\u00eda General del Estado lleva un lento proceso de justicia.<\/p>\n\n\n\n<figure class=\"wp-block-embed-twitter wp-block-embed is-type-rich is-provider-twitter\"><div class=\"wp-block-embed__wrapper\">\n<div class=\"twitter-tweet\"><blockquote class=\"twitter-tweet\" data-lang=\"es\"><p lang=\"es\" dir=\"ltr\"><a href=\"https:\/\/twitter.com\/hashtag\/%C3%9AltimoMinuto?src=hash&amp;ref_src=twsrc%5Etfw\">#\u00daltimoMinuto<\/a> <br>Una en\u00e9sima protesta recibi\u00f3 hoy a <a href=\"https:\/\/twitter.com\/lopezobrador_?ref_src=twsrc%5Etfw\">@lopezobrador_<\/a> en Loma Bonita. <br>Se trata de la familia de Alexander, que reclama justicia a m\u00e1s de nueve meses del crimen del adolescente en Acatl\u00e1n. <br>Es otro de los casos impunes que dej\u00f3 <a href=\"https:\/\/twitter.com\/RVasconcelosM?ref_src=twsrc%5Etfw\">@RVasconcelosM<\/a>. <br>Video: <a href=\"https:\/\/twitter.com\/tvbus?ref_src=twsrc%5Etfw\">@tvbus<\/a> <a href=\"https:\/\/t.co\/CzWMo9306u\">pic.twitter.com\/CzWMo9306u<\/a><\/p>&mdash; Zona Roja Oaxaca (@Zona_Roja_Oax) <a href=\"https:\/\/twitter.com\/Zona_Roja_Oax\/status\/1373077038484094985?ref_src=twsrc%5Etfw\">20 de marzo de 2021<\/a><\/blockquote><\/div>\n<\/div><\/figure>\n\n\n\n<p>RECONOCE DEFICIENCIAS<\/p>\n\n\n\n<p>En su visita a la Cuenca, por primera vez como presidente de M\u00e9xico, L\u00f3pez Obrador reconoci\u00f3 la falta de mejores condiciones de la carretera Tuxtepec-Oaxaca, que atraviesa la sierra norte de Oaxaca.<\/p>\n\n\n\n<p>El mandatario abri\u00f3 la posibilidad de un proyecto para modernizar esta v\u00eda de comunicaci\u00f3n, ya sea con recursos propios el gobierno federal o buscar la forma de que se concesionar con empresas responsables.<\/p>\n\n\n\n<p>La gira continuar\u00e1 este s\u00e1bado en Tuxtepec, para la entrega de instrumentos Musicales y Evaluaci\u00f3n de Programas Prioritarios y la inauguraci\u00f3n de la Universidad para el Bienestar Benito Ju\u00e1rez Garc\u00eda Sede San Juan Bautista Valle Nacional.<\/p>\n\n\n\n<p>Pero para su gira en Tuxtepec se prev\u00e9n algunas manifestaciones anunciadas, entre estas la del sector salud.<\/p>\n\n\n\n<figure class=\"wp-block-embed-twitter wp-block-embed is-type-rich is-provider-twitter\"><div class=\"wp-block-embed__wrapper\">\n<div class=\"twitter-tweet\"><blockquote class=\"twitter-tweet\" data-lang=\"es\"><p lang=\"es\" dir=\"ltr\"><a href=\"https:\/\/twitter.com\/hashtag\/%C3%9AltimoMinuto?src=hash&amp;ref_src=twsrc%5Etfw\">#\u00daltimoMinuto<\/a><br>En Loma Bonita inicia el Presidente Andr\u00e9s Manuel L\u00f3pez Obrador su gira de trabajo por <a href=\"https:\/\/twitter.com\/hashtag\/Oaxaca?src=hash&amp;ref_src=twsrc%5Etfw\">#Oaxaca<\/a> y elogia el sistema de universidades estatales.<br>Destaca la presencia de Modesto Seara V\u00e1squez, quien ha sido acusado de proteger a catedr\u00e1ticos acusado de acoso sexual. <a href=\"https:\/\/t.co\/nSwPGxHViA\">pic.twitter.com\/nSwPGxHViA<\/a><\/p>&mdash; Zona Roja Oaxaca (@Zona_Roja_Oax) <a href=\"https:\/\/twitter.com\/Zona_Roja_Oax\/status\/1373050020807720964?ref_src=twsrc%5Etfw\">19 de marzo de 2021<\/a><\/blockquote><\/div>\n<\/div><\/figure>\n","protected":false},"excerpt":{"rendered":"<p>Yuridiana Sosa\/Zona Roja. Foto: Archivo San Juan Bautista Tuxtepec, Oax., 19 de marzo de 2021.-&hellip;<\/p>\n","protected":false},"author":2,"featured_media":13645,"comment_status":"closed","ping_status":"open","sticky":false,"template":"","format":"standard","meta":{"_lmt_disableupdate":"","_lmt_disable":"","_jetpack_memberships_contains_paid_content":false,"footnotes":""},"categories":[109,47],"tags":[1803],"class_list":["post-24891","post","type-post","status-publish","format-standard","has-post-thumbnail","hentry","category-minuto-a-minuto","category-zona-gris","tag-alexander-m-g"],"jetpack_featured_media_url":"https:\/\/zonaroja.com.mx\/wp-content\/uploads\/2020\/06\/Sepelio-Alexander-1.jpg","jetpack_sharing_enabled":true,"_links":{"self":[{"href":"https:\/\/zonaroja.com.mx\/index.php?rest_route=\/wp\/v2\/posts\/24891","targetHints":{"allow":["GET"]}}],"collection":[{"href":"https:\/\/zonaroja.com.mx\/index.php?rest_route=\/wp\/v2\/posts"}],"about":[{"href":"https:\/\/zonaroja.com.mx\/index.php?rest_route=\/wp\/v2\/types\/post"}],"author":[{"embeddable":true,"href":"https:\/\/zonaroja.com.mx\/index.php?rest_route=\/wp\/v2\/users\/2"}],"replies":[{"embeddable":true,"href":"https:\/\/zonaroja.com.mx\/index.php?rest_route=%2Fwp%2Fv2%2Fcomments&post=24891"}],"version-history":[{"count":1,"href":"https:\/\/zonaroja.com.mx\/index.php?rest_route=\/wp\/v2\/posts\/24891\/revisions"}],"predecessor-version":[{"id":24892,"href":"https:\/\/zonaroja.com.mx\/index.php?rest_route=\/wp\/v2\/posts\/24891\/revisions\/24892"}],"wp:featuredmedia":[{"embeddable":true,"href":"https:\/\/zonaroja.com.mx\/index.php?rest_route=\/wp\/v2\/media\/13645"}],"wp:attachment":[{"href":"https:\/\/zonaroja.com.mx\/index.php?rest_route=%2Fwp%2Fv2%2Fmedia&parent=24891"}],"wp:term":[{"taxonomy":"category","embeddable":true,"href":"https:\/\/zonaroja.com.mx\/index.php?rest_route=%2Fwp%2Fv2%2Fcategories&post=24891"},{"taxonomy":"post_tag","embeddable":true,"href":"https:\/\/zonaroja.com.mx\/index.php?rest_route=%2Fwp%2Fv2%2Ftags&post=24891"}],"curies":[{"name":"wp","href":"https:\/\/api.w.org\/{rel}","templated":true}]}}