{"id":24893,"date":"2021-03-19T20:56:34","date_gmt":"2021-03-20T02:56:34","guid":{"rendered":"http:\/\/www.zonaroja.com.mx\/?p=24893"},"modified":"2021-03-19T20:56:37","modified_gmt":"2021-03-20T02:56:37","slug":"denuncian-a-estefan-guillesen-de-menospreciar-a-militantes-para-aliarse-con-el-pri","status":"publish","type":"post","link":"https:\/\/zonaroja.com.mx\/?p=24893","title":{"rendered":"Denuncian a Estefan Guillesen de menospreciar a militantes para aliarse con el PRI"},"content":{"rendered":"\n<p>Redacci\u00f3n\/Zona Roja.<\/p>\n\n\n\n<p>Oaxaca de Ju\u00e1rez, Oax., 19 de marzo de 2021.- El dirigente del Partido Verde Ecologista de M\u00e9xico, Jos\u00e9 Antonio Estefan Guillesen, cerr\u00f3 de nuevo la puerta a los militantes.<\/p>\n\n\n\n<p>Y de nuevo fue contra Eduardo Reyes Santiago, presidente del comit\u00e9 municipal, quien acud\u00eda a registrarse formalmente como candidato a la presidencia municipal de Oaxaca de Ju\u00e1rez, acompa\u00f1ado de integrantes de su planilla.<\/p>\n\n\n\n<p>Sin embargo, le fue cerrado el acceso, a pesar de que el Tribunal Electoral del Estado de Oaxaca (TEEO) determin\u00f3 hoy que el partido debe respetar sus derechos, al declarar a su favor un juicio de protecci\u00f3n a los derechos pol\u00edticos del ciudadano.<\/p>\n\n\n\n<p>La presunci\u00f3n es que Estefan Guillesen se niega a inscribirlo como candidato a presidente municipal, porque ya tiene compromiso de apoyo con el Partido Revolucionario Institucional y no respeta a los militantes del PVEM.<\/p>\n\n\n\n<figure class=\"wp-block-embed-twitter wp-block-embed is-type-rich is-provider-twitter\"><div class=\"wp-block-embed__wrapper\">\n<div class=\"twitter-tweet\"><blockquote class=\"twitter-tweet\" data-lang=\"es\"><p lang=\"es\" dir=\"ltr\"><a href=\"https:\/\/twitter.com\/hashtag\/%C3%9AltimoMinuto?src=hash&amp;ref_src=twsrc%5Etfw\">#\u00daltimoMinuto<\/a> <br>Tribunal Electoral da la raz\u00f3n a <a href=\"https:\/\/twitter.com\/Abogado_Reyes?ref_src=twsrc%5Etfw\">@Abogado_Reyes<\/a> para que su partido, el PVEM, lo registre como candidato a edil de la ciudad de Oaxaca. <br>Pero el dirigente <a href=\"https:\/\/twitter.com\/PepeEstefanG?ref_src=twsrc%5Etfw\">@PepeEstefanG<\/a> le cierra puertas; militantes lo acusan de haber negociado con PRI y menospreciar a militantes. <a href=\"https:\/\/t.co\/sBY4x88Qxd\">pic.twitter.com\/sBY4x88Qxd<\/a><\/p>&mdash; Zona Roja Oaxaca (@Zona_Roja_Oax) <a href=\"https:\/\/twitter.com\/Zona_Roja_Oax\/status\/1373047202751340544?ref_src=twsrc%5Etfw\">19 de marzo de 2021<\/a><\/blockquote><\/div>\n<\/div><\/figure>\n\n\n\n<p>En vano toc\u00f3 la puerta:<\/p>\n\n\n\n<p>\u201cEl Tribunal Estatal Electoral por unanimidad me ratifica como militante del Partido Verde y vincula al dirigente Jos\u00e9 Antonio Estefan, entre otros, para que me inscriban, para que registre como su candidato a la presidencia municipal de Oaxaca de Ju\u00e1rez\u201d, expuso.<\/p>\n\n\n\n<p>Sin embargo, no hall\u00f3 ninguna respuesta por parte del comit\u00e9 estatal, por lo que Reyes Santiago dijo que prev\u00e9 recurrir de nuevo a instancias electorales a fin de que se haga valer su derecho pol\u00edtico.<\/p>\n\n\n\n<p>\u00abEs muy clara la resoluci\u00f3n, va a haber los medios de apremio que en su momento ordene el Tribunal si mi partido cae en desacato; es muy claro si quieren seguir en su simulaci\u00f3n, componendas, de cochupo, muy fuertes, de otra situaci\u00f3n, que no abone al partido\u00bb, expuso.<\/p>\n","protected":false},"excerpt":{"rendered":"<p>Redacci\u00f3n\/Zona Roja. Oaxaca de Ju\u00e1rez, Oax., 19 de marzo de 2021.- El dirigente del Partido&hellip;<\/p>\n","protected":false},"author":2,"featured_media":24894,"comment_status":"closed","ping_status":"open","sticky":false,"template":"","format":"standard","meta":{"_lmt_disableupdate":"","_lmt_disable":"","_jetpack_memberships_contains_paid_content":false,"footnotes":""},"categories":[109,47],"tags":[2435],"class_list":["post-24893","post","type-post","status-publish","format-standard","has-post-thumbnail","hentry","category-minuto-a-minuto","category-zona-gris","tag-eduardo-reyes-santiago"],"jetpack_featured_media_url":"https:\/\/zonaroja.com.mx\/wp-content\/uploads\/2021\/03\/Eduardo-Reyes-Santiago-PVEM.jpg","jetpack_sharing_enabled":true,"_links":{"self":[{"href":"https:\/\/zonaroja.com.mx\/index.php?rest_route=\/wp\/v2\/posts\/24893","targetHints":{"allow":["GET"]}}],"collection":[{"href":"https:\/\/zonaroja.com.mx\/index.php?rest_route=\/wp\/v2\/posts"}],"about":[{"href":"https:\/\/zonaroja.com.mx\/index.php?rest_route=\/wp\/v2\/types\/post"}],"author":[{"embeddable":true,"href":"https:\/\/zonaroja.com.mx\/index.php?rest_route=\/wp\/v2\/users\/2"}],"replies":[{"embeddable":true,"href":"https:\/\/zonaroja.com.mx\/index.php?rest_route=%2Fwp%2Fv2%2Fcomments&post=24893"}],"version-history":[{"count":1,"href":"https:\/\/zonaroja.com.mx\/index.php?rest_route=\/wp\/v2\/posts\/24893\/revisions"}],"predecessor-version":[{"id":24895,"href":"https:\/\/zonaroja.com.mx\/index.php?rest_route=\/wp\/v2\/posts\/24893\/revisions\/24895"}],"wp:featuredmedia":[{"embeddable":true,"href":"https:\/\/zonaroja.com.mx\/index.php?rest_route=\/wp\/v2\/media\/24894"}],"wp:attachment":[{"href":"https:\/\/zonaroja.com.mx\/index.php?rest_route=%2Fwp%2Fv2%2Fmedia&parent=24893"}],"wp:term":[{"taxonomy":"category","embeddable":true,"href":"https:\/\/zonaroja.com.mx\/index.php?rest_route=%2Fwp%2Fv2%2Fcategories&post=24893"},{"taxonomy":"post_tag","embeddable":true,"href":"https:\/\/zonaroja.com.mx\/index.php?rest_route=%2Fwp%2Fv2%2Ftags&post=24893"}],"curies":[{"name":"wp","href":"https:\/\/api.w.org\/{rel}","templated":true}]}}