{"id":24902,"date":"2021-03-19T22:28:38","date_gmt":"2021-03-20T04:28:38","guid":{"rendered":"http:\/\/www.zonaroja.com.mx\/?p=24902"},"modified":"2021-03-19T22:28:42","modified_gmt":"2021-03-20T04:28:42","slug":"registro-oaxaca-1-5-muertes-por-covid-19-cada-hora","status":"publish","type":"post","link":"https:\/\/zonaroja.com.mx\/?p=24902","title":{"rendered":"Registr\u00f3 Oaxaca 1.5 muertes por Covid-19 cada hora"},"content":{"rendered":"\n<p>Redacci\u00f3n\/Zona Roja.<\/p>\n\n\n\n<p>Oaxaca de Ju\u00e1rez, Oax. 19 de marzo de 2020.- Los casos de Covid-19 en el estado llegaron a los 42 mil 807 positivos, 91 m\u00e1s que el d\u00eda de ayer, mientras que 487 est\u00e1n como activos, informaron los Servicios de Salud de Oaxaca (SSO) en el corte de este viernes 19 de marzo.<\/p>\n\n\n\n<p>Con ello, se registra un acumulado de 67 mil 383 notificaciones, la alta m\u00e9dica de 39 mil 185 pacientes, cuatro mil 568 casos contin\u00faan como sospechosos, 20 mil 008 son negativos, y este viernes se agregaron 34 defunciones, para un total de tres mil 135 personas que han perdido la vida por complicaciones generadas por el virus.<\/p>\n\n\n\n<p>En un comunicado, la instituci\u00f3n expuso que el 34.8% del total de casos confirmados corresponden al sexo femenino y el 61.5% al masculino, de los cuales, siete mil 083 fueron ingresados a la red hospitalaria y 35 mil 724 son ambulatorios.<\/p>\n\n\n\n<p>Especific\u00f3 que la Jurisdicci\u00f3n Sanitaria de Valles Centrales es la zona con la incidencia m\u00e1s alta, con un universo de 29 mil 376 pacientes, seguido por el Istmo con tres mil 512, Tuxtepec con dos mil 697, la Costa con dos mil 103, la Mixteca con tres mil 619 y la Sierra con mil 500.<\/p>\n\n\n\n<figure class=\"wp-block-embed-twitter wp-block-embed is-type-rich is-provider-twitter\"><div class=\"wp-block-embed__wrapper\">\n<div class=\"twitter-tweet\"><blockquote class=\"twitter-tweet\" data-lang=\"es\"><p lang=\"es\" dir=\"ltr\"><a href=\"https:\/\/twitter.com\/hashtag\/%C3%9AltimoMinuto?src=hash&amp;ref_src=twsrc%5Etfw\">#\u00daltimoMinuto<\/a><br>Covid mortal en <a href=\"https:\/\/twitter.com\/hashtag\/Oaxaca?src=hash&amp;ref_src=twsrc%5Etfw\">#Oaxaca<\/a>: este viernes los Servicios de Salud reportan 34 fallecimientos, para un total de tres mil 135 decesos; adem\u00e1s, 91 caos positivos, con lo que suman 42 mil 807 casos confirmados. Hospitales saturados de pacientes pasan de siete a ocho. <a href=\"https:\/\/t.co\/flF2RlXxlQ\">pic.twitter.com\/flF2RlXxlQ<\/a><\/p>&mdash; Zona Roja Oaxaca (@Zona_Roja_Oax) <a href=\"https:\/\/twitter.com\/Zona_Roja_Oax\/status\/1373093078299508737?ref_src=twsrc%5Etfw\">20 de marzo de 2021<\/a><\/blockquote><\/div>\n<\/div><\/figure>\n\n\n\n<p>En este sentido, detall\u00f3 que en las \u00faltimas 24 horas se detectaron 42 municipios con contagios nuevos, principalmente: Oaxaca de Ju\u00e1rez con 24, para un total de 12 mil 358 acumulados; Santa Cruz Xoxocotl\u00e1n con seis, para un acumulado de dos mil 603; Heroica Ciudad de Huajuapan de Le\u00f3n con cinco, con lo que llega a mil 709 acumulados; Salina Cruz y Santiago Pinotepa Nacional con cuatro, cada uno, para un global de mil 098 y 310, respectivamente, el resto tres, dos y un caso.<\/p>\n\n\n\n<p>En tanto, al n\u00famero de fallecimientos, report\u00f3 que mil 655 corresponden a personas residentes de Valles Centrales, 510 al Istmo, 329 a Tuxtepec, 213 a la Costa, 297 a la Mixteca, as\u00ed como 131 a la Sierra.<\/p>\n\n\n\n<p>Subray\u00f3 que los j\u00f3venes adultos de 25 a 44 a\u00f1os, son los m\u00e1s afectados respecto a la incidencia de la patolog\u00eda infecciosa con 19 mil 158 contagios; sin embargo, la mayor\u00eda de las defunciones, el 47%, es decir, mil 476 casos, pertenec\u00edan al grupo de edad de 65 a\u00f1os y m\u00e1s.<\/p>\n\n\n\n<p>Apunt\u00f3 que los hospitales para la atenci\u00f3n de la emergencia sanitaria se encuentran al 37.9% de ocupaci\u00f3n en general, en tanto que ocho nosocomios reportan 100% de saturaci\u00f3n de camas, al ingresar del 18 al 19 de marzo, 24 nuevos pacientes a la red m\u00e9dica.<\/p>\n\n\n\n<p>Ante lo cual, reiter\u00f3 la urgencia de aplicar las indicaciones de sana distancia, lavado frecuente de manos, uso del cubrebocas y evitar las salidas no esenciales, con el fin de lograr contener la transmisi\u00f3n de este virus y ante cualquier emergencia llamar al 911.<\/p>\n","protected":false},"excerpt":{"rendered":"<p>Redacci\u00f3n\/Zona Roja. Oaxaca de Ju\u00e1rez, Oax. 19 de marzo de 2020.- Los casos de Covid-19&hellip;<\/p>\n","protected":false},"author":2,"featured_media":24904,"comment_status":"closed","ping_status":"open","sticky":false,"template":"","format":"standard","meta":{"_lmt_disableupdate":"","_lmt_disable":"","_jetpack_memberships_contains_paid_content":false,"footnotes":""},"categories":[109,47],"tags":[1512],"class_list":["post-24902","post","type-post","status-publish","format-standard","has-post-thumbnail","hentry","category-minuto-a-minuto","category-zona-gris","tag-coronavirus-oaxaca"],"jetpack_featured_media_url":"https:\/\/zonaroja.com.mx\/wp-content\/uploads\/2021\/03\/SSO-2-5.jpeg","jetpack_sharing_enabled":true,"_links":{"self":[{"href":"https:\/\/zonaroja.com.mx\/index.php?rest_route=\/wp\/v2\/posts\/24902","targetHints":{"allow":["GET"]}}],"collection":[{"href":"https:\/\/zonaroja.com.mx\/index.php?rest_route=\/wp\/v2\/posts"}],"about":[{"href":"https:\/\/zonaroja.com.mx\/index.php?rest_route=\/wp\/v2\/types\/post"}],"author":[{"embeddable":true,"href":"https:\/\/zonaroja.com.mx\/index.php?rest_route=\/wp\/v2\/users\/2"}],"replies":[{"embeddable":true,"href":"https:\/\/zonaroja.com.mx\/index.php?rest_route=%2Fwp%2Fv2%2Fcomments&post=24902"}],"version-history":[{"count":1,"href":"https:\/\/zonaroja.com.mx\/index.php?rest_route=\/wp\/v2\/posts\/24902\/revisions"}],"predecessor-version":[{"id":24905,"href":"https:\/\/zonaroja.com.mx\/index.php?rest_route=\/wp\/v2\/posts\/24902\/revisions\/24905"}],"wp:featuredmedia":[{"embeddable":true,"href":"https:\/\/zonaroja.com.mx\/index.php?rest_route=\/wp\/v2\/media\/24904"}],"wp:attachment":[{"href":"https:\/\/zonaroja.com.mx\/index.php?rest_route=%2Fwp%2Fv2%2Fmedia&parent=24902"}],"wp:term":[{"taxonomy":"category","embeddable":true,"href":"https:\/\/zonaroja.com.mx\/index.php?rest_route=%2Fwp%2Fv2%2Fcategories&post=24902"},{"taxonomy":"post_tag","embeddable":true,"href":"https:\/\/zonaroja.com.mx\/index.php?rest_route=%2Fwp%2Fv2%2Ftags&post=24902"}],"curies":[{"name":"wp","href":"https:\/\/api.w.org\/{rel}","templated":true}]}}