{"id":24906,"date":"2021-03-19T22:34:14","date_gmt":"2021-03-20T04:34:14","guid":{"rendered":"http:\/\/www.zonaroja.com.mx\/?p=24906"},"modified":"2021-03-19T22:34:18","modified_gmt":"2021-03-20T04:34:18","slug":"apuesta-fuerza-por-mexico-por-las-mujeres-karla-jimenez-va-por-diputacion-federal","status":"publish","type":"post","link":"https:\/\/zonaroja.com.mx\/?p=24906","title":{"rendered":"Apuesta Fuerza por M\u00e9xico por las mujeres; Karla Jim\u00e9nez va por diputaci\u00f3n federal"},"content":{"rendered":"\n<p>Yuridiana Sosa\/Zona Roja.<\/p>\n\n\n\n<p>Oaxaca de Ju\u00e1rez, Oax., 19 de marzo de 2021.- En su primera participaci\u00f3n en un proceso electoral, el partido Fuerza por M\u00e9xico ha cumplido y rebasado la inscripci\u00f3n de mujeres para ser candidatas, lo cual fue celebrado por Karla Gabriela Jim\u00e9nez, aspirante a la candidatura a diputada federal por el distrito VIII, con cabecera en Oaxaca de Ju\u00e1rez.<\/p>\n\n\n\n<p>Este viernes, la oaxaque\u00f1a se inscribi\u00f3 conforme a los tiempos y formas establecidas por la Comisi\u00f3n Nacional de Procesos Internos y con ello convertirse en la primera aspirante a contender en este partido para representar a la zona centro de la entidad en el Congreso federal.<\/p>\n\n\n\n<p>Karla Jim\u00e9nez expres\u00f3 su gratitud al nuevo partido nacional por considerar la participaci\u00f3n de las mujeres como m\u00e1s que un requisito. \u201cFuerza por M\u00e9xico tiene en el discurso y en la pr\u00e1ctica incorporar la participaci\u00f3n de las mujeres, cumpliendo con visibilizarlas\u201d, indic\u00f3.<\/p>\n\n\n\n<figure class=\"wp-block-embed-twitter wp-block-embed is-type-rich is-provider-twitter\"><div class=\"wp-block-embed__wrapper\">\n<div class=\"twitter-tweet\"><blockquote class=\"twitter-tweet\" data-lang=\"es\"><p lang=\"es\" dir=\"ltr\"><a href=\"https:\/\/twitter.com\/hashtag\/ENVIVO?src=hash&amp;ref_src=twsrc%5Etfw\">#ENVIVO<\/a> <br>Oaxaca de Ju\u00e1rez, Oax., 19 de marzo de 2021. Registro de Karla Gabriela Jim\u00e9nez (<a href=\"https:\/\/twitter.com\/karlitacarrasco?ref_src=twsrc%5Etfw\">@karlitacarrasco<\/a>) como candidata a diputada federal por el distrito VIII, por el Partido Fuerza M\u00e9xico (<a href=\"https:\/\/twitter.com\/FuerzaMexicoOax?ref_src=twsrc%5Etfw\">@FuerzaMexicoOax<\/a>).<br>Aqu\u00ed la transmisi\u00f3n:<br>\ud83d\udc47<a href=\"https:\/\/t.co\/Rc7vG9HH0P\">https:\/\/t.co\/Rc7vG9HH0P<\/a> <a href=\"https:\/\/t.co\/bbeW9xUypb\">pic.twitter.com\/bbeW9xUypb<\/a><\/p>&mdash; Zona Roja Oaxaca (@Zona_Roja_Oax) <a href=\"https:\/\/twitter.com\/Zona_Roja_Oax\/status\/1372980625863507976?ref_src=twsrc%5Etfw\">19 de marzo de 2021<\/a><\/blockquote><\/div>\n<\/div><\/figure>\n\n\n\n<p>En ese sentido, la dirigente estatal de Fuerza por M\u00e9xico, Salom\u00e9 Mart\u00ednez Salazar, puntualiz\u00f3 que en Oaxaca la mayor\u00eda de sus aspirantes a cargos de representaci\u00f3n popular son mujeres.<\/p>\n\n\n\n<p>Indic\u00f3 que es la primera vez que un partido registra cifras elevadas de femeninas para contender, como lo es el registro de 300 mujeres que buscan una diputaci\u00f3n federal por este organismo.<\/p>\n\n\n\n<p>\u201cEs tiempo de las mujeres, de empoderarnos y de seguir abriendo brecha a mujeres de todas las edades\u201d, dijo.<\/p>\n\n\n\n<p>La dirigente estatal se\u00f1al\u00f3 que Fuerza por M\u00e9xico no se cre\u00f3 para dividir, sino a sumar a ciudadanos a transformar al pa\u00eds desde un nuevo proyecto, as\u00ed como llam\u00f3 a los otros partidos pol\u00edticos a desarrollar una campa\u00f1a limpia a favor de la ciudadan\u00eda.<\/p>\n","protected":false},"excerpt":{"rendered":"<p>Yuridiana Sosa\/Zona Roja. Oaxaca de Ju\u00e1rez, Oax., 19 de marzo de 2021.- En su primera&hellip;<\/p>\n","protected":false},"author":2,"featured_media":24907,"comment_status":"closed","ping_status":"open","sticky":false,"template":"","format":"standard","meta":{"_lmt_disableupdate":"","_lmt_disable":"","_jetpack_memberships_contains_paid_content":false,"footnotes":""},"categories":[109,46],"tags":[2368],"class_list":["post-24906","post","type-post","status-publish","format-standard","has-post-thumbnail","hentry","category-minuto-a-minuto","category-zona-blanca","tag-fuerza-por-mexico"],"jetpack_featured_media_url":"https:\/\/zonaroja.com.mx\/wp-content\/uploads\/2021\/03\/Karla-Carrasco-Jimenez.jpg","jetpack_sharing_enabled":true,"_links":{"self":[{"href":"https:\/\/zonaroja.com.mx\/index.php?rest_route=\/wp\/v2\/posts\/24906","targetHints":{"allow":["GET"]}}],"collection":[{"href":"https:\/\/zonaroja.com.mx\/index.php?rest_route=\/wp\/v2\/posts"}],"about":[{"href":"https:\/\/zonaroja.com.mx\/index.php?rest_route=\/wp\/v2\/types\/post"}],"author":[{"embeddable":true,"href":"https:\/\/zonaroja.com.mx\/index.php?rest_route=\/wp\/v2\/users\/2"}],"replies":[{"embeddable":true,"href":"https:\/\/zonaroja.com.mx\/index.php?rest_route=%2Fwp%2Fv2%2Fcomments&post=24906"}],"version-history":[{"count":1,"href":"https:\/\/zonaroja.com.mx\/index.php?rest_route=\/wp\/v2\/posts\/24906\/revisions"}],"predecessor-version":[{"id":24908,"href":"https:\/\/zonaroja.com.mx\/index.php?rest_route=\/wp\/v2\/posts\/24906\/revisions\/24908"}],"wp:featuredmedia":[{"embeddable":true,"href":"https:\/\/zonaroja.com.mx\/index.php?rest_route=\/wp\/v2\/media\/24907"}],"wp:attachment":[{"href":"https:\/\/zonaroja.com.mx\/index.php?rest_route=%2Fwp%2Fv2%2Fmedia&parent=24906"}],"wp:term":[{"taxonomy":"category","embeddable":true,"href":"https:\/\/zonaroja.com.mx\/index.php?rest_route=%2Fwp%2Fv2%2Fcategories&post=24906"},{"taxonomy":"post_tag","embeddable":true,"href":"https:\/\/zonaroja.com.mx\/index.php?rest_route=%2Fwp%2Fv2%2Ftags&post=24906"}],"curies":[{"name":"wp","href":"https:\/\/api.w.org\/{rel}","templated":true}]}}